{"id":250541,"date":"2022-02-26T23:02:27","date_gmt":"2022-02-26T21:02:27","guid":{"rendered":"http:\/\/107.6.182.27\/tr\/?p=250541"},"modified":"2022-03-02T08:38:33","modified_gmt":"2022-03-02T06:38:33","slug":"rusya-savunmasi-birkac-nusra-cephesi-teroristi-idlibe-zehirli-madde-tasirken-yaniklara-maruz-kaldi","status":"publish","type":"post","link":"https:\/\/archive.sana.sy\/tr\/?p=250541","title":{"rendered":"Rusya Savunmas\u0131: Birka\u00e7 \u201cNusra Cephesi\u201d Ter\u00f6risti, \u0130dlib&#8217;e Zehirli Madde Ta\u015f\u0131rken Yan\u0131klara Maruz Kald\u0131"},"content":{"rendered":"<p style=\"text-align: justify;\">MOSKOVA \u2013 Rusya Savunma Bakanl\u0131\u011f\u0131, El Nusra Cephesi&#8217;ne ba\u011fl\u0131 ter\u00f6ristlerin, \u0130dlib k\u0131rsal\u0131nda Suriye Arap Ordusu taraf\u0131ndan kontrol edilen alanlar\u0131n biti\u015fi\u011findeki bir k\u00f6ye zehirli madde i\u00e7eren konteyn\u0131rlar\u0131 ta\u015f\u0131rken yan\u0131klara maruz kald\u0131\u011f\u0131n\u0131 belirtti.<\/p>\n<p style=\"text-align: justify;\">Hmeimim&#8217;deki Rusya Koordinasyon Merkezi ba\u015fkan yard\u0131mc\u0131s\u0131 Amiral Oleg Goravlev, ter\u00f6rist &#8220;Cebhet el-Nusra&#8221; \u00f6rg\u00fct\u00fcn\u00fcn, i\u00e7inde zehirli madde, muhtemelen klor bulunan konteynerleri \u0130dlib&#8217;in Kafr Lusin k\u00f6y\u00fcne ta\u015f\u0131d\u0131\u011f\u0131n\u0131 duyurdu. Rus amiral, \u201cBu malzemelere yap\u0131lan m\u00fcdahaledeki ihmal nedeniyle konteynerlerden biri ciddi \u015fekilde hasar g\u00f6rm\u00fc\u015f, \u00f6rg\u00fcte mensup yakla\u015f\u0131k 15 ter\u00f6ristin zehirli bir madde s\u0131z\u0131nt\u0131s\u0131 nedeniyle cilt ve solunum sisteminde kimyasal yan\u0131klara maruz kalmas\u0131na neden olmu\u015ftur\u201d diye s\u00f6zlerine ekledi.<\/p>\n","protected":false},"excerpt":{"rendered":"<p>MOSKOVA \u2013 Rusya Savunma Bakanl\u0131\u011f\u0131, El Nusra Cephesi&#8217;ne ba\u011fl\u0131 ter\u00f6ristlerin, \u0130dlib k\u0131rsal\u0131nda Suriye Arap Ordusu taraf\u0131ndan kontrol edilen alanlar\u0131n biti\u015fi\u011findeki bir k\u00f6ye zehirli madde i\u00e7eren konteyn\u0131rlar\u0131 ta\u015f\u0131rken yan\u0131klara maruz kald\u0131\u011f\u0131n\u0131 belirtti. Hmeimim&#8217;deki Rusya Koordinasyon Merkezi ba\u015fkan yard\u0131mc\u0131s\u0131 Amiral Oleg Goravlev, ter\u00f6rist &#8220;Cebhet el-Nusra&#8221; \u00f6rg\u00fct\u00fcn\u00fcn, i\u00e7inde zehirli madde, muhtemelen klor bulunan konteynerleri \u0130dlib&#8217;in Kafr Lusin k\u00f6y\u00fcne &hellip;<\/p>\n","protected":false},"author":1,"featured_media":250542,"comment_status":"closed","ping_status":"closed","sticky":false,"template":"","format":"standard","meta":{"footnotes":""},"categories":[458,459,17988],"tags":[],"class_list":["post-250541","post","type-post","status-publish","format-standard","has-post-thumbnail","","category-dunya1","category-haberler-arap-uluslararasi-politika","category-son-haberler"],"_links":{"self":[{"href":"https:\/\/archive.sana.sy\/tr\/index.php?rest_route=\/wp\/v2\/posts\/250541","targetHints":{"allow":["GET"]}}],"collection":[{"href":"https:\/\/archive.sana.sy\/tr\/index.php?rest_route=\/wp\/v2\/posts"}],"about":[{"href":"https:\/\/archive.sana.sy\/tr\/index.php?rest_route=\/wp\/v2\/types\/post"}],"author":[{"embeddable":true,"href":"https:\/\/archive.sana.sy\/tr\/index.php?rest_route=\/wp\/v2\/users\/1"}],"replies":[{"embeddable":true,"href":"https:\/\/archive.sana.sy\/tr\/index.php?rest_route=%2Fwp%2Fv2%2Fcomments&post=250541"}],"version-history":[{"count":0,"href":"https:\/\/archive.sana.sy\/tr\/index.php?rest_route=\/wp\/v2\/posts\/250541\/revisions"}],"wp:featuredmedia":[{"embeddable":true,"href":"https:\/\/archive.sana.sy\/tr\/index.php?rest_route=\/wp\/v2\/media\/250542"}],"wp:attachment":[{"href":"https:\/\/archive.sana.sy\/tr\/index.php?rest_route=%2Fwp%2Fv2%2Fmedia&parent=250541"}],"wp:term":[{"taxonomy":"category","embeddable":true,"href":"https:\/\/archive.sana.sy\/tr\/index.php?rest_route=%2Fwp%2Fv2%2Fcategories&post=250541"},{"taxonomy":"post_tag","embeddable":true,"href":"https:\/\/archive.sana.sy\/tr\/index.php?rest_route=%2Fwp%2Fv2%2Ftags&post=250541"}],"curies":[{"name":"wp","href":"https:\/\/api.w.org\/{rel}","templated":true}]}}