{"id":250552,"date":"2022-02-27T13:11:07","date_gmt":"2022-02-27T11:11:07","guid":{"rendered":"http:\/\/107.6.182.27\/tr\/?p=250552"},"modified":"2022-03-02T08:38:43","modified_gmt":"2022-03-02T06:38:43","slug":"turk-isgalinin-haseke-kirsalindaki-koylere-saldirdi","status":"publish","type":"post","link":"https:\/\/archive.sana.sy\/tr\/?p=250552","title":{"rendered":"T\u00fcrk \u0130\u015fgali Haseke K\u0131rsal\u0131ndaki K\u00f6ylere Sald\u0131rd\u0131"},"content":{"rendered":"<p>HASEKE \u2013 SANA muhabiri, i\u015fgalci T\u00fcrk g\u00fc\u00e7lerinin Haseke&#8217;nin kuzeybat\u0131s\u0131nda yer alan Tel Temr k\u0131rsal\u0131ndaki Tel \u015eanan, El Dirdara ve Umm El Hayr k\u00f6ylerine top\u00e7u mermileriyle sald\u0131rmas\u0131 sonucu \u00e7ok say\u0131da sivilin yaraland\u0131\u011f\u0131n\u0131 bildirdi.<\/p>\n","protected":false},"excerpt":{"rendered":"<p>HASEKE \u2013 SANA muhabiri, i\u015fgalci T\u00fcrk g\u00fc\u00e7lerinin Haseke&#8217;nin kuzeybat\u0131s\u0131nda yer alan Tel Temr k\u0131rsal\u0131ndaki Tel \u015eanan, El Dirdara ve Umm El Hayr k\u00f6ylerine top\u00e7u mermileriyle sald\u0131rmas\u0131 sonucu \u00e7ok say\u0131da sivilin yaraland\u0131\u011f\u0131n\u0131 bildirdi.<\/p>\n","protected":false},"author":36,"featured_media":250553,"comment_status":"closed","ping_status":"closed","sticky":false,"template":"","format":"standard","meta":{"footnotes":""},"categories":[479,575,17988,2554,2555,478],"tags":[],"class_list":["post-250552","post","type-post","status-publish","format-standard","has-post-thumbnail","","category-haberler-yerel","category-olaylar-ve-gercekler","category-son-haberler","category-suriye-ve-dunya","category-suriye-ve-turkiye","category-yerel"],"_links":{"self":[{"href":"https:\/\/archive.sana.sy\/tr\/index.php?rest_route=\/wp\/v2\/posts\/250552","targetHints":{"allow":["GET"]}}],"collection":[{"href":"https:\/\/archive.sana.sy\/tr\/index.php?rest_route=\/wp\/v2\/posts"}],"about":[{"href":"https:\/\/archive.sana.sy\/tr\/index.php?rest_route=\/wp\/v2\/types\/post"}],"author":[{"embeddable":true,"href":"https:\/\/archive.sana.sy\/tr\/index.php?rest_route=\/wp\/v2\/users\/36"}],"replies":[{"embeddable":true,"href":"https:\/\/archive.sana.sy\/tr\/index.php?rest_route=%2Fwp%2Fv2%2Fcomments&post=250552"}],"version-history":[{"count":0,"href":"https:\/\/archive.sana.sy\/tr\/index.php?rest_route=\/wp\/v2\/posts\/250552\/revisions"}],"wp:featuredmedia":[{"embeddable":true,"href":"https:\/\/archive.sana.sy\/tr\/index.php?rest_route=\/wp\/v2\/media\/250553"}],"wp:attachment":[{"href":"https:\/\/archive.sana.sy\/tr\/index.php?rest_route=%2Fwp%2Fv2%2Fmedia&parent=250552"}],"wp:term":[{"taxonomy":"category","embeddable":true,"href":"https:\/\/archive.sana.sy\/tr\/index.php?rest_route=%2Fwp%2Fv2%2Fcategories&post=250552"},{"taxonomy":"post_tag","embeddable":true,"href":"https:\/\/archive.sana.sy\/tr\/index.php?rest_route=%2Fwp%2Fv2%2Ftags&post=250552"}],"curies":[{"name":"wp","href":"https:\/\/api.w.org\/{rel}","templated":true}]}}