{"id":25056,"date":"2015-02-28T12:54:24","date_gmt":"2015-02-28T10:54:24","guid":{"rendered":"http:\/\/www.sana.sy\/tr\/?p=25056"},"modified":"2015-02-28T12:50:51","modified_gmt":"2015-02-28T10:50:51","slug":"askeri-kaynak-ordu-birliklerimizin-dogu-homs-kirsalinin-telbise-duveybe-rahum-mesada-bolgelerinde-cok-sayida-teroristi-olu-ve-yarali-dusurduklerini-bir-akac-araclarini-da-imha-ettiklerin","status":"publish","type":"post","link":"https:\/\/archive.sana.sy\/tr\/?p=25056","title":{"rendered":"Askeri kaynak, ordu birliklerimizin do\u011fu Homs k\u0131rsal\u0131n\u0131n  Telbise, Duveybe, Rahum, Mes\u2019ada b\u00f6lgelerinde \u00e7ok say\u0131da ter\u00f6risti \u00f6l\u00fc ve yaral\u0131 d\u00fc\u015f\u00fcrd\u00fcklerini bir aka\u00e7 ara\u00e7lar\u0131n\u0131 da imha ettiklerini, Um Cami K\u00f6y\u00fcne y\u00f6nelik bir ter\u00f6r sald\u0131r\u0131s\u0131n\u0131 da \u00e7\u00f6kerttiklerini s\u00f6yledi."},"content":{"rendered":"<p>Askeri kaynak, ordu birliklerimizin do\u011fu Homs k\u0131rsal\u0131n\u0131n \u00a0Telbise, Duveybe, Rahum, Mes\u2019ada b\u00f6lgelerinde \u00e7ok say\u0131da ter\u00f6risti \u00f6l\u00fc ve yaral\u0131 d\u00fc\u015f\u00fcrd\u00fcklerini bir aka\u00e7 ara\u00e7lar\u0131n\u0131 da imha ettiklerini, Um Cami K\u00f6y\u00fcne y\u00f6nelik bir ter\u00f6r sald\u0131r\u0131s\u0131n\u0131 da \u00e7\u00f6kerttiklerini s\u00f6yledi.<\/p>\n","protected":false},"excerpt":{"rendered":"<p>Askeri kaynak, ordu birliklerimizin do\u011fu Homs k\u0131rsal\u0131n\u0131n \u00a0Telbise, Duveybe, Rahum, Mes\u2019ada b\u00f6lgelerinde \u00e7ok say\u0131da ter\u00f6risti \u00f6l\u00fc ve yaral\u0131 d\u00fc\u015f\u00fcrd\u00fcklerini bir aka\u00e7 ara\u00e7lar\u0131n\u0131 da imha ettiklerini, Um Cami K\u00f6y\u00fcne y\u00f6nelik bir ter\u00f6r sald\u0131r\u0131s\u0131n\u0131 da \u00e7\u00f6kerttiklerini s\u00f6yledi.<\/p>\n","protected":false},"author":1,"featured_media":0,"comment_status":"closed","ping_status":"closed","sticky":false,"template":"","format":"standard","meta":{"footnotes":""},"categories":[1],"tags":[1031,11938,11940,11937,11939,11941],"class_list":["post-25056","post","type-post","status-publish","format-standard","","category-news-not-sorted","tag-askeri-kaynak","tag-duveybe","tag-mesada-bolgelerinde-cok-sayida-teroristi-olu-ve-yarali-dusurduklerini-bir-akac-araclarini-da-imha-ettiklerini","tag-ordu-birliklerimizin-dogu-homs-kirsalinin-telbise","tag-rahum","tag-um-cami-koyune-yonelik-bir-teror-saldirisini-da-cokerttiklerini-soyledi"],"_links":{"self":[{"href":"https:\/\/archive.sana.sy\/tr\/index.php?rest_route=\/wp\/v2\/posts\/25056","targetHints":{"allow":["GET"]}}],"collection":[{"href":"https:\/\/archive.sana.sy\/tr\/index.php?rest_route=\/wp\/v2\/posts"}],"about":[{"href":"https:\/\/archive.sana.sy\/tr\/index.php?rest_route=\/wp\/v2\/types\/post"}],"author":[{"embeddable":true,"href":"https:\/\/archive.sana.sy\/tr\/index.php?rest_route=\/wp\/v2\/users\/1"}],"replies":[{"embeddable":true,"href":"https:\/\/archive.sana.sy\/tr\/index.php?rest_route=%2Fwp%2Fv2%2Fcomments&post=25056"}],"version-history":[{"count":0,"href":"https:\/\/archive.sana.sy\/tr\/index.php?rest_route=\/wp\/v2\/posts\/25056\/revisions"}],"wp:attachment":[{"href":"https:\/\/archive.sana.sy\/tr\/index.php?rest_route=%2Fwp%2Fv2%2Fmedia&parent=25056"}],"wp:term":[{"taxonomy":"category","embeddable":true,"href":"https:\/\/archive.sana.sy\/tr\/index.php?rest_route=%2Fwp%2Fv2%2Fcategories&post=25056"},{"taxonomy":"post_tag","embeddable":true,"href":"https:\/\/archive.sana.sy\/tr\/index.php?rest_route=%2Fwp%2Fv2%2Ftags&post=25056"}],"curies":[{"name":"wp","href":"https:\/\/api.w.org\/{rel}","templated":true}]}}