{"id":250636,"date":"2022-03-01T16:58:07","date_gmt":"2022-03-01T14:58:07","guid":{"rendered":"http:\/\/107.6.182.27\/tr\/?p=250636"},"modified":"2022-03-03T08:30:13","modified_gmt":"2022-03-03T06:30:13","slug":"cumhurbaskani-el-esad-iran-disisleri-bakani-haji-ve-beraberindeki-heyeti-kabul-etti","status":"publish","type":"post","link":"https:\/\/archive.sana.sy\/tr\/?p=250636","title":{"rendered":"Cumhurba\u015fkan\u0131 el Esad \u0130ran D\u0131\u015fi\u015fleri Bakan\u0131 Haji ve Beraberindeki Heyeti Kabul Etti"},"content":{"rendered":"<p style=\"text-align: justify;\">\u015eAM \u2013 Cumhurba\u015fkan\u0131 Be\u015f\u015far el Esad bug\u00fcn, \u0130ran D\u0131\u015fi\u015fleri Bakan\u0131 Ali As\u011far Haji ve beraberindeki heyetin k\u0131demli asistan\u0131n\u0131 kabul etti.<\/p>\n<p style=\"text-align: justify;\">Cumhurba\u015fkan\u0131 el Esad ile Bakan Haji g\u00f6r\u00fc\u015fmesinde, Suriye ve \u0130ran aras\u0131ndaki ikili ili\u015fkiler ve her iki taraf\u0131n kurumlar\u0131n\u0131n ba\u015fta ekonomik sekt\u00f6r olmak \u00fczere t\u00fcm alanlarda i\u015fbirli\u011fini geli\u015ftirmek, iki dost \u00fclke ve halk\u0131n \u00e7\u0131karlar\u0131na hizmet etmek i\u00e7in g\u00f6sterdi\u011fi \u00e7abalar \u00fczerinde durulmu\u015ftur.<\/p>\n<p style=\"text-align: justify;\">G\u00f6r\u00fc\u015fmede ayr\u0131ca siyasi s\u00fcre\u00e7 ve Astana ve Cenevre hatlar\u0131nda yakla\u015fan m\u00fczakere turlar\u0131 da ele al\u0131nd\u0131 \u200b\u200bve bu m\u00fczakerelerin somut sonu\u00e7lara ula\u015fmak i\u00e7in d\u0131\u015f m\u00fcdahale olmaks\u0131z\u0131n ve net bir strateji ve metodolojiye uygun olarak s\u00fcrd\u00fcr\u00fclmesinin \u00f6nemi vurguland\u0131.<\/p>\n<p style=\"text-align: justify;\">Haji, Cumhurba\u015fkan\u0131 Esad&#8217;a \u0130ran n\u00fckleer dosyas\u0131ndaki son geli\u015fmeler ve Bat\u0131l\u0131 \u00fclkelerin bu dosyayla ilgili t\u00fcm taahh\u00fctlere ve gerekliliklere uymas\u0131 halinde olumlu sonu\u00e7lara ula\u015fabilecek m\u00fczakere s\u00fcrecinin ilerleyi\u015fi hakk\u0131nda bilgi verdi.<\/p>\n<p style=\"text-align: justify;\">\u00d6te yandan taraflar, b\u00f6lgesel ve uluslararas\u0131 arenadaki geli\u015fmelerden, Bat\u0131&#8217;n\u0131n Rusya Federasyonu ile Ukrayna aras\u0131nda yaratt\u0131\u011f\u0131 krizden ve bu krizi k\u00f6r\u00fckleyen ahlaks\u0131z uygulamalardan, d\u00fcnyan\u0131n farkl\u0131 yerlerinden a\u015f\u0131r\u0131l\u0131k yanl\u0131lar\u0131n\u0131n o b\u00f6lgeye transferinden, daha \u00f6nce Suriye ve \u0130ran halklar\u0131na uygulad\u0131\u011f\u0131 yapt\u0131r\u0131mlar\u0131 Rus halk\u0131na da uygulad\u0131\u011f\u0131ndan bahsettiler.<\/p>\n<p style=\"text-align: justify;\">P.M.<\/p>\n","protected":false},"excerpt":{"rendered":"<p>\u015eAM \u2013 Cumhurba\u015fkan\u0131 Be\u015f\u015far el Esad bug\u00fcn, \u0130ran D\u0131\u015fi\u015fleri Bakan\u0131 Ali As\u011far Haji ve beraberindeki heyetin k\u0131demli asistan\u0131n\u0131 kabul etti. Cumhurba\u015fkan\u0131 el Esad ile Bakan Haji g\u00f6r\u00fc\u015fmesinde, Suriye ve \u0130ran aras\u0131ndaki ikili ili\u015fkiler ve her iki taraf\u0131n kurumlar\u0131n\u0131n ba\u015fta ekonomik sekt\u00f6r olmak \u00fczere t\u00fcm alanlarda i\u015fbirli\u011fini geli\u015ftirmek, iki dost \u00fclke ve halk\u0131n \u00e7\u0131karlar\u0131na hizmet etmek &hellip;<\/p>\n","protected":false},"author":1,"featured_media":250637,"comment_status":"closed","ping_status":"closed","sticky":false,"template":"","format":"standard","meta":{"footnotes":""},"categories":[606,608,479,17988,478],"tags":[],"class_list":["post-250636","post","type-post","status-publish","format-standard","has-post-thumbnail","","category-cumhurbaskani","category-etkinlikler","category-haberler-yerel","category-son-haberler","category-yerel"],"_links":{"self":[{"href":"https:\/\/archive.sana.sy\/tr\/index.php?rest_route=\/wp\/v2\/posts\/250636","targetHints":{"allow":["GET"]}}],"collection":[{"href":"https:\/\/archive.sana.sy\/tr\/index.php?rest_route=\/wp\/v2\/posts"}],"about":[{"href":"https:\/\/archive.sana.sy\/tr\/index.php?rest_route=\/wp\/v2\/types\/post"}],"author":[{"embeddable":true,"href":"https:\/\/archive.sana.sy\/tr\/index.php?rest_route=\/wp\/v2\/users\/1"}],"replies":[{"embeddable":true,"href":"https:\/\/archive.sana.sy\/tr\/index.php?rest_route=%2Fwp%2Fv2%2Fcomments&post=250636"}],"version-history":[{"count":0,"href":"https:\/\/archive.sana.sy\/tr\/index.php?rest_route=\/wp\/v2\/posts\/250636\/revisions"}],"wp:featuredmedia":[{"embeddable":true,"href":"https:\/\/archive.sana.sy\/tr\/index.php?rest_route=\/wp\/v2\/media\/250637"}],"wp:attachment":[{"href":"https:\/\/archive.sana.sy\/tr\/index.php?rest_route=%2Fwp%2Fv2%2Fmedia&parent=250636"}],"wp:term":[{"taxonomy":"category","embeddable":true,"href":"https:\/\/archive.sana.sy\/tr\/index.php?rest_route=%2Fwp%2Fv2%2Fcategories&post=250636"},{"taxonomy":"post_tag","embeddable":true,"href":"https:\/\/archive.sana.sy\/tr\/index.php?rest_route=%2Fwp%2Fv2%2Ftags&post=250636"}],"curies":[{"name":"wp","href":"https:\/\/api.w.org\/{rel}","templated":true}]}}