{"id":250648,"date":"2022-03-01T18:09:31","date_gmt":"2022-03-01T16:09:31","guid":{"rendered":"http:\/\/107.6.182.27\/tr\/?p=250648"},"modified":"2022-03-03T08:30:20","modified_gmt":"2022-03-03T06:30:20","slug":"cumhurbaskani-el-esad-suriye-ile-ermenistan-arasinda-imzalanan-hava-hizmetleri-anlasmasini-onaylayan-yasa-cikardi","status":"publish","type":"post","link":"https:\/\/archive.sana.sy\/tr\/?p=250648","title":{"rendered":"Cumhurba\u015fkan\u0131 el Esad, Suriye ile Ermenistan Aras\u0131nda \u0130mzalanan Hava Hizmetleri Anla\u015fmas\u0131n\u0131 Onaylayan Yasa \u00c7\u0131kard\u0131"},"content":{"rendered":"<p style=\"text-align: justify;\">\u015eAM \u2013 Ermenistan ile hava hizmetleri alan\u0131nda i\u015fbirli\u011fini geli\u015ftirmek ve \u00f6zellikle Avrupa Birli\u011fi&#8217;nin Suriye&#8217;ye kar\u015f\u0131 ald\u0131\u011f\u0131 tek tarafl\u0131 zorlay\u0131c\u0131 tedbirlerin ard\u0131ndan iki \u00fclke aras\u0131ndaki yolcu ve e\u015fya hareketini organize etme ve kolayla\u015ft\u0131rma ihtiyac\u0131 do\u011frultusunda Cumhurba\u015fkan\u0131 Be\u015f\u015far el Esad, Suriye ile Ermenistan aras\u0131nda imzalanan Hava Hizmetleri Anla\u015fmas\u0131&#8217;n\u0131 onaylamak i\u00e7in 3 Say\u0131l\u0131 Kanun\u2019u \u00e7\u0131kard\u0131.<\/p>\n<p style=\"text-align: justify;\">P.M.<\/p>\n","protected":false},"excerpt":{"rendered":"<p>\u015eAM \u2013 Ermenistan ile hava hizmetleri alan\u0131nda i\u015fbirli\u011fini geli\u015ftirmek ve \u00f6zellikle Avrupa Birli\u011fi&#8217;nin Suriye&#8217;ye kar\u015f\u0131 ald\u0131\u011f\u0131 tek tarafl\u0131 zorlay\u0131c\u0131 tedbirlerin ard\u0131ndan iki \u00fclke aras\u0131ndaki yolcu ve e\u015fya hareketini organize etme ve kolayla\u015ft\u0131rma ihtiyac\u0131 do\u011frultusunda Cumhurba\u015fkan\u0131 Be\u015f\u015far el Esad, Suriye ile Ermenistan aras\u0131nda imzalanan Hava Hizmetleri Anla\u015fmas\u0131&#8217;n\u0131 onaylamak i\u00e7in 3 Say\u0131l\u0131 Kanun\u2019u \u00e7\u0131kard\u0131. P.M.<\/p>\n","protected":false},"author":1,"featured_media":250649,"comment_status":"closed","ping_status":"closed","sticky":false,"template":"","format":"standard","meta":{"footnotes":""},"categories":[606,17988,612],"tags":[],"class_list":["post-250648","post","type-post","status-publish","format-standard","has-post-thumbnail","","category-cumhurbaskani","category-son-haberler","category-yasama-kararnameler"],"_links":{"self":[{"href":"https:\/\/archive.sana.sy\/tr\/index.php?rest_route=\/wp\/v2\/posts\/250648","targetHints":{"allow":["GET"]}}],"collection":[{"href":"https:\/\/archive.sana.sy\/tr\/index.php?rest_route=\/wp\/v2\/posts"}],"about":[{"href":"https:\/\/archive.sana.sy\/tr\/index.php?rest_route=\/wp\/v2\/types\/post"}],"author":[{"embeddable":true,"href":"https:\/\/archive.sana.sy\/tr\/index.php?rest_route=\/wp\/v2\/users\/1"}],"replies":[{"embeddable":true,"href":"https:\/\/archive.sana.sy\/tr\/index.php?rest_route=%2Fwp%2Fv2%2Fcomments&post=250648"}],"version-history":[{"count":0,"href":"https:\/\/archive.sana.sy\/tr\/index.php?rest_route=\/wp\/v2\/posts\/250648\/revisions"}],"wp:featuredmedia":[{"embeddable":true,"href":"https:\/\/archive.sana.sy\/tr\/index.php?rest_route=\/wp\/v2\/media\/250649"}],"wp:attachment":[{"href":"https:\/\/archive.sana.sy\/tr\/index.php?rest_route=%2Fwp%2Fv2%2Fmedia&parent=250648"}],"wp:term":[{"taxonomy":"category","embeddable":true,"href":"https:\/\/archive.sana.sy\/tr\/index.php?rest_route=%2Fwp%2Fv2%2Fcategories&post=250648"},{"taxonomy":"post_tag","embeddable":true,"href":"https:\/\/archive.sana.sy\/tr\/index.php?rest_route=%2Fwp%2Fv2%2Ftags&post=250648"}],"curies":[{"name":"wp","href":"https:\/\/api.w.org\/{rel}","templated":true}]}}