{"id":250671,"date":"2022-03-02T10:10:03","date_gmt":"2022-03-02T08:10:03","guid":{"rendered":"http:\/\/107.6.182.27\/tr\/?p=250671"},"modified":"2022-03-03T08:30:30","modified_gmt":"2022-03-03T06:30:30","slug":"kuba-suriye-ile-ekonomik-isbirligi-iliskilerini-guclendirme-arzusunu-ifade-etti","status":"publish","type":"post","link":"https:\/\/archive.sana.sy\/tr\/?p=250671","title":{"rendered":"K\u00fcba, Suriye \u0130le Ekonomik \u0130\u015fbirli\u011fi \u0130li\u015fkilerini G\u00fc\u00e7lendirme Arzusunu Kaydetti"},"content":{"rendered":"<p>HAVANA \u2013 K\u00fcba D\u0131\u015f Ticaret ve D\u0131\u015f Yat\u0131r\u0131m Bakan\u0131 Rodrigo Malmierca, \u00fclkesinin Suriye ile ekonomik i\u015fbirli\u011fi ili\u015fkilerini g\u00fc\u00e7lendirme ve onlar\u0131 se\u00e7kin siyasi ili\u015fkileri d\u00fczeyine y\u00fckseltme konusundaki g\u00fc\u00e7l\u00fc arzusunu teyit etti.<\/p>\n<p><img loading=\"lazy\" decoding=\"async\" class=\"size-full wp-image-250672 alignright\" src=\"http:\/\/107.6.182.27\/tr\/wp-content\/uploads\/2022\/03\/1-1.jpg\" alt=\"\" width=\"300\" height=\"167\" srcset=\"https:\/\/archive.sana.sy\/tr\/wp-content\/uploads\/2022\/03\/1-1.jpg 300w, https:\/\/archive.sana.sy\/tr\/wp-content\/uploads\/2022\/03\/1-1-150x84.jpg 150w\" sizes=\"auto, (max-width: 300px) 100vw, 300px\" \/>Suriye&#8217;nin K\u00fcba B\u00fcy\u00fckel\u00e7isi Dr. \u0130dris Maya ile ba\u015fkent Havana&#8217;daki D\u0131\u015f Ticaret ve D\u0131\u015f Yat\u0131r\u0131m Bakanl\u0131\u011f\u0131&#8217;n\u0131n genel merkezinde yapt\u0131\u011f\u0131 g\u00f6r\u00fc\u015fmede Malmierca, iki dost halk ve iki \u00fclkenin yarar\u0131na bu ili\u015fkileri g\u00fc\u00e7lendirmenin ve geli\u015ftirmenin yollar\u0131n\u0131 \u00f6nerdi.<\/p>\n<p>B\u00fcy\u00fckel\u00e7i Maya, Suriye&#8217;nin Amerika Birle\u015fik Devletleri&#8217;nin K\u00fcba&#8217;ya uygulad\u0131\u011f\u0131 haks\u0131z ablukay\u0131 k\u0131nad\u0131\u011f\u0131n\u0131 yineleyerek, \u0130ki dost \u00fclkenin, ba\u015fta ekonomik olmak \u00fczere \u00e7e\u015fitli alanlarda daha fazla i\u015fbirli\u011fi ve ili\u015fkileri geli\u015ftirmek i\u00e7in sab\u0131rs\u0131zland\u0131\u011f\u0131n\u0131 vurgulad\u0131.<\/p>\n<p>G\u00f6r\u00fc\u015fmeye K\u00fcba taraf\u0131ndan bakanl\u0131\u011f\u0131n Afrika ve Ortado\u011fu Dairesi Ba\u015fkan\u0131 Sergio Espinosa ve b\u00fcy\u00fckel\u00e7ilikten diplomatik ata\u015fe Ali Hassan Abbas kat\u0131ld\u0131.<\/p>\n","protected":false},"excerpt":{"rendered":"<p>HAVANA \u2013 K\u00fcba D\u0131\u015f Ticaret ve D\u0131\u015f Yat\u0131r\u0131m Bakan\u0131 Rodrigo Malmierca, \u00fclkesinin Suriye ile ekonomik i\u015fbirli\u011fi ili\u015fkilerini g\u00fc\u00e7lendirme ve onlar\u0131 se\u00e7kin siyasi ili\u015fkileri d\u00fczeyine y\u00fckseltme konusundaki g\u00fc\u00e7l\u00fc arzusunu teyit etti. Suriye&#8217;nin K\u00fcba B\u00fcy\u00fckel\u00e7isi Dr. \u0130dris Maya ile ba\u015fkent Havana&#8217;daki D\u0131\u015f Ticaret ve D\u0131\u015f Yat\u0131r\u0131m Bakanl\u0131\u011f\u0131&#8217;n\u0131n genel merkezinde yapt\u0131\u011f\u0131 g\u00f6r\u00fc\u015fmede Malmierca, iki dost halk ve iki &hellip;<\/p>\n","protected":false},"author":36,"featured_media":250673,"comment_status":"closed","ping_status":"closed","sticky":false,"template":"","format":"standard","meta":{"footnotes":""},"categories":[458,459,17988],"tags":[],"class_list":["post-250671","post","type-post","status-publish","format-standard","has-post-thumbnail","","category-dunya1","category-haberler-arap-uluslararasi-politika","category-son-haberler"],"_links":{"self":[{"href":"https:\/\/archive.sana.sy\/tr\/index.php?rest_route=\/wp\/v2\/posts\/250671","targetHints":{"allow":["GET"]}}],"collection":[{"href":"https:\/\/archive.sana.sy\/tr\/index.php?rest_route=\/wp\/v2\/posts"}],"about":[{"href":"https:\/\/archive.sana.sy\/tr\/index.php?rest_route=\/wp\/v2\/types\/post"}],"author":[{"embeddable":true,"href":"https:\/\/archive.sana.sy\/tr\/index.php?rest_route=\/wp\/v2\/users\/36"}],"replies":[{"embeddable":true,"href":"https:\/\/archive.sana.sy\/tr\/index.php?rest_route=%2Fwp%2Fv2%2Fcomments&post=250671"}],"version-history":[{"count":0,"href":"https:\/\/archive.sana.sy\/tr\/index.php?rest_route=\/wp\/v2\/posts\/250671\/revisions"}],"wp:featuredmedia":[{"embeddable":true,"href":"https:\/\/archive.sana.sy\/tr\/index.php?rest_route=\/wp\/v2\/media\/250673"}],"wp:attachment":[{"href":"https:\/\/archive.sana.sy\/tr\/index.php?rest_route=%2Fwp%2Fv2%2Fmedia&parent=250671"}],"wp:term":[{"taxonomy":"category","embeddable":true,"href":"https:\/\/archive.sana.sy\/tr\/index.php?rest_route=%2Fwp%2Fv2%2Fcategories&post=250671"},{"taxonomy":"post_tag","embeddable":true,"href":"https:\/\/archive.sana.sy\/tr\/index.php?rest_route=%2Fwp%2Fv2%2Ftags&post=250671"}],"curies":[{"name":"wp","href":"https:\/\/api.w.org\/{rel}","templated":true}]}}