{"id":250677,"date":"2022-03-02T09:08:46","date_gmt":"2022-03-02T07:08:46","guid":{"rendered":"http:\/\/107.6.182.27\/tr\/?p=250677"},"modified":"2022-03-03T08:30:27","modified_gmt":"2022-03-03T06:30:27","slug":"israil-isgal-gucleri-bati-yakada-35-filistinliyi-tutukladi","status":"publish","type":"post","link":"https:\/\/archive.sana.sy\/tr\/?p=250677","title":{"rendered":"\u0130srail \u0130\u015fgal G\u00fc\u00e7leri, Bat\u0131 Yaka\u2019da 35 Filistinliyi Tutuklad\u0131"},"content":{"rendered":"<p>\u0130srail i\u015fgal g\u00fc\u00e7leri, Bat\u0131 yaka\u2019n\u0131n farkl\u0131 b\u00f6lgelerinde 35 Filistinliyi tutuklad\u0131.<\/p>\n<p>WAFA Haber Ajans\u0131, \u0130srail i\u015fgal g\u00fc\u00e7lerinin, El Halil kentinin birka\u00e7 b\u00f6lgesi, g\u00fcneyindeki El Fevar kamp\u0131, Kalkiyla kenti, Cenin&#8217;in bat\u0131s\u0131ndaki El Sila El Harisiye beldesi, Beyt Lahm\u2019\u0131n bat\u0131s\u0131ndaki Husan k\u00f6y\u00fc, Nablus\u2019un g\u00fcneyindeki Beyta beldesi ve bat\u0131s\u0131ndaki Tel k\u00f6y\u00fcne bask\u0131n d\u00fczenleyip 35 Filistinliyi tutuklad\u0131\u011f\u0131n\u0131 belirtti.<\/p>\n","protected":false},"excerpt":{"rendered":"<p>\u0130srail i\u015fgal g\u00fc\u00e7leri, Bat\u0131 yaka\u2019n\u0131n farkl\u0131 b\u00f6lgelerinde 35 Filistinliyi tutuklad\u0131. WAFA Haber Ajans\u0131, \u0130srail i\u015fgal g\u00fc\u00e7lerinin, El Halil kentinin birka\u00e7 b\u00f6lgesi, g\u00fcneyindeki El Fevar kamp\u0131, Kalkiyla kenti, Cenin&#8217;in bat\u0131s\u0131ndaki El Sila El Harisiye beldesi, Beyt Lahm\u2019\u0131n bat\u0131s\u0131ndaki Husan k\u00f6y\u00fc, Nablus\u2019un g\u00fcneyindeki Beyta beldesi ve bat\u0131s\u0131ndaki Tel k\u00f6y\u00fcne bask\u0131n d\u00fczenleyip 35 Filistinliyi tutuklad\u0131\u011f\u0131n\u0131 belirtti.<\/p>\n","protected":false},"author":36,"featured_media":250678,"comment_status":"closed","ping_status":"closed","sticky":false,"template":"","format":"standard","meta":{"footnotes":""},"categories":[458,459,17988],"tags":[],"class_list":["post-250677","post","type-post","status-publish","format-standard","has-post-thumbnail","","category-dunya1","category-haberler-arap-uluslararasi-politika","category-son-haberler"],"_links":{"self":[{"href":"https:\/\/archive.sana.sy\/tr\/index.php?rest_route=\/wp\/v2\/posts\/250677","targetHints":{"allow":["GET"]}}],"collection":[{"href":"https:\/\/archive.sana.sy\/tr\/index.php?rest_route=\/wp\/v2\/posts"}],"about":[{"href":"https:\/\/archive.sana.sy\/tr\/index.php?rest_route=\/wp\/v2\/types\/post"}],"author":[{"embeddable":true,"href":"https:\/\/archive.sana.sy\/tr\/index.php?rest_route=\/wp\/v2\/users\/36"}],"replies":[{"embeddable":true,"href":"https:\/\/archive.sana.sy\/tr\/index.php?rest_route=%2Fwp%2Fv2%2Fcomments&post=250677"}],"version-history":[{"count":0,"href":"https:\/\/archive.sana.sy\/tr\/index.php?rest_route=\/wp\/v2\/posts\/250677\/revisions"}],"wp:featuredmedia":[{"embeddable":true,"href":"https:\/\/archive.sana.sy\/tr\/index.php?rest_route=\/wp\/v2\/media\/250678"}],"wp:attachment":[{"href":"https:\/\/archive.sana.sy\/tr\/index.php?rest_route=%2Fwp%2Fv2%2Fmedia&parent=250677"}],"wp:term":[{"taxonomy":"category","embeddable":true,"href":"https:\/\/archive.sana.sy\/tr\/index.php?rest_route=%2Fwp%2Fv2%2Fcategories&post=250677"},{"taxonomy":"post_tag","embeddable":true,"href":"https:\/\/archive.sana.sy\/tr\/index.php?rest_route=%2Fwp%2Fv2%2Ftags&post=250677"}],"curies":[{"name":"wp","href":"https:\/\/api.w.org\/{rel}","templated":true}]}}