{"id":25071,"date":"2015-02-28T21:00:04","date_gmt":"2015-02-28T19:00:04","guid":{"rendered":"http:\/\/www.sana.sy\/tr\/?p=25071"},"modified":"2015-03-01T13:58:23","modified_gmt":"2015-03-01T11:58:23","slug":"israil-ve-turkiyedeki-rejimin-destekledigi-teror-cetelerin-agir-kayiplari-suruyor","status":"publish","type":"post","link":"https:\/\/archive.sana.sy\/tr\/?p=25071","title":{"rendered":"\u0130srail ve T\u00fcrkiye&#8217;deki Rejimin Destekledi\u011fi Ter\u00f6r \u00c7etelerin A\u011f\u0131r Kay\u0131plar\u0131 S\u00fcr\u00fcyor"},"content":{"rendered":"<p>\u0130LLER \u2013 Vatan koruyucular\u0131m\u0131z \u2018\u0131l\u0131ml\u0131 muhalifler\u2019 yada \u2018Suriye devrimcileri\u2019 adland\u0131rmalar\u0131 alt\u0131nda kimi devletlerin her t\u00fcrl\u00fc deste\u011fi temin ettikleri \u00e7okuluslu ve hain ter\u00f6r \u00e7etelere y\u00f6nelik operasyonlar\u0131n\u0131 bug\u00fcn de ba\u015far\u0131yla s\u00fcrd\u00fcrerek, onlarcas\u0131n\u0131 a\u011f\u0131r silahlar\u0131 ve ara\u00e7lar\u0131yla etkisizle\u015ftirdi.<\/p>\n<p><span style=\"color: #0000ff\">\u015eam K\u0131rsal\u0131nda Onlarca Ter\u00f6rist \u00d6ld\u00fcr\u00fcld\u00fc <\/span><\/p>\n<p>Ordu birliklerimiz \u015eam k\u0131rsal\u0131n\u0131n g\u00fcneybat\u0131s\u0131 Hasno K\u00f6y\u00fcn\u00fcn bat\u0131s\u0131 ve el Makrusa Beldesinin do\u011fusunda \u00e7ok say\u0131da ter\u00f6risti \u00f6l\u00fc ve yaral\u0131 d\u00fc\u015f\u00fcrd\u00fc.<\/p>\n<p><span style=\"color: #0000ff\">Kunaytra K\u0131rsal\u0131nda \u0130srail \u00c7etelerinin A\u011f\u0131r Kay\u0131plar\u0131 S\u00fcr\u00fcyor<\/span><\/p>\n<p>Bu arada askeri kaynak, ordu birliklerimizin Kunaytra k\u0131rsal\u0131n\u0131n Nebi el Sahr, Tel Meshara\u2019n\u0131n\u00a0 do\u011fusunda ki ormanl\u0131k alanlar ve Tel Bezzak\u2019ta siyonist \u0130srail&#8217;in destekledi\u011fi Nusra Cephesi ve di\u011fer ter\u00f6r \u00f6rg\u00fctlerin k\u00fcmelenme yerlerini top ate\u015fine tuttuklar\u0131n\u0131 belirtti.<\/p>\n<p>Kaynak bir k\u0131s\u0131m b\u00f6lgelerde ter\u00f6ristlerle direk s\u0131cak temas\u0131n da ya\u015fand\u0131\u011f\u0131n\u0131 da ifade ederken; operasyonlarda \u00e7ok say\u0131da ter\u00f6ristin \u00f6l\u00fc ve yaral\u0131 d\u00fc\u015f\u00fcr\u00fcld\u00fc\u011f\u00fcn\u00fc, kulland\u0131klar\u0131 bir k\u0131s\u0131m ara\u00e7lar\u0131 da imha edildi\u011fini s\u00f6yledi.<\/p>\n<p><span style=\"color: #0000ff\">Dera K\u0131rsal\u0131nda Ara\u00e7lar\u0131yla \u0130mha Edildiler<\/span><\/p>\n<p>Askeri kaynak, ordu birliklerimizin Dera k\u0131rsal\u0131 Kefar Nasic, Tel el Hara, ve Tel Anter\u2019in g\u00fcneydo\u011fusunda Siyonist \u0130srail&#8217;in destekledi\u011fi \u00e7ok say\u0131da ter\u00f6risti \u00f6ld\u00fcrerek\u00a0 baz\u0131 ara\u00e7lar\u0131n\u0131 da imha ettiklerini belirtti.<\/p>\n<p>Askeri kaynak; ordu birliklerimizin Dera Beled\u2019in el Kerk Semtinde ter\u00f6ristlere ait bir yuvay\u0131 muhtevalar\u0131yla imha ettiklerini aktard\u0131.<\/p>\n<p><span style=\"color: #0000ff\">\u0130dlib K\u0131rsal\u0131nda Ter\u00f6ristlerin Toplanma Yerleri Hedef Al\u0131nd\u0131<\/span><\/p>\n<p><span style=\"color: #000000\">Di\u011fer yandan ordu birliklerimiz \u0130dlib \u0130line tabi Cisr el \u015eu\u011fur k\u0131rsal\u0131n\u0131n Be\u015flamon ve Hellovz b\u00f6lgelerine ilaveten Ebu Zuhur, el Hamidiye ve Tel Selmo b\u00f6lgelerinde \u00e7ok say\u0131da ter\u00f6risti \u00f6l\u00fc ve yaral\u0131 d\u00fc\u015f\u00fcr\u00fcp silah ve m\u00fchimmatlar\u0131n\u0131 da imha etti.<\/span><\/p>\n<p><span style=\"color: #0000ff\">Homs K\u0131rsal\u0131nda K\u00f6ye Sald\u0131r\u0131 Giri\u015fimleri \u00c7\u00f6kertildi<\/span><\/p>\n<p>Bu arada askeri kaynak, ordu birliklerimizin Homs k\u0131rsal\u0131n\u0131n do\u011fusu Telbise, Duveybe, Rhum ve Mesada b\u00f6lgelerinde \u00e7ok say\u0131da ter\u00f6risti \u00f6l\u00fc ve yaral\u0131 d\u00fc\u015f\u00fcrd\u00fcklerini aktard\u0131. Kaynak operasyonlarda ter\u00f6ristlerin kulland\u0131klar\u0131 birka\u00e7 arac\u0131n ta\u015f\u0131d\u0131\u011f\u0131 cephane ve ter\u00f6ristlerle birlikte imha edildi\u011fini belirtti.<\/p>\n<p>Ordu birliklerimizin yine Homs k\u0131rsal\u0131nda hain ve gaddar ter\u00f6r \u00e7etelerin Um Cami K\u00f6y\u00fcne y\u00f6nelik sald\u0131r\u0131 giri\u015fimlerini \u00e7\u00f6kerttiklerini s\u00f6yleyen kaynak; \u00e7at\u0131\u015fmalarda \u00e7ok say\u0131da ter\u00f6ristin \u00f6l\u00fc yaral\u0131 ele ge\u00e7irildi\u011fini ifade etti.<\/p>\n<p>Askeri kaynak; ordu birliklerimizin Homs \u0130line tabi Telbise k\u0131rsal\u0131n\u0131n Hav\u015f el Da\u011fli, E\u015frefiye\u2019nin kuzeyi ve el Mekremiye b\u00f6lgelerinde ter\u00f6ristlere kar\u015f\u0131 nitelikli operasyonlar\u0131n\u0131 s\u00fcrd\u00fcrd\u00fcklerini belirtti.<\/p>\n<p>Kaynak operasyonlarda \u00e7ok say\u0131da ter\u00f6ristin \u00f6l\u00fc ve yaral\u0131 d\u00fc\u015f\u00fcr\u00fcld\u00fc\u011f\u00fcn\u00fc, ter\u00f6rist ta\u015f\u0131yan bir kamyonun da imha edildi\u011fini aktard\u0131.<\/p>\n<p>\u00d6te yandan ordu birliklerimiz Homs Kentinin Vaer Semtinin muhtelif b\u00f6lgelerinde y\u00fcksek say\u0131da ter\u00f6risti \u00f6l\u00fc ve yaral\u0131 d\u00fc\u015f\u00fcrd\u00fc.<\/p>\n<p><span style=\"color: #0000ff\">Halep ve K\u0131rsal\u0131nda Erdo\u011fan Rejiminin \u00c7eteleri A\u011f\u0131r Kay\u0131plar Veriyor<\/span><\/p>\n<p>Askeri kaynak, ordu birliklerimizin Halep ve k\u0131rsal\u0131n\u0131n Ra\u015fidin Rabia, Amiriye, el Mellah \u00c7iftlikleri, Anedan, Bab el Hadid, Uveyca, Duveyr el Zeytun, el Bab, Neyreb Havaalan\u0131n\u0131n bat\u0131s\u0131, Babis, S\u00fcleyman Halebi Semti ve Salahuddin b\u00f6lgelerinde T\u00fcrkiye&#8217;deki rejimin destekledi\u011fi hain ve gaddar ter\u00f6ristlere y\u00f6nelik operasyonlar\u0131n\u0131 ba\u015far\u0131yla s\u00fcrd\u00fcrd\u00fcklerini aktard\u0131.<\/p>\n<p>Kaynak operasyonlarda aralar\u0131nda yabanc\u0131 ve saha komutanlar\u0131n\u0131n bulundu\u011fu onlarca ter\u00f6ristin \u00f6l\u00fc yaral\u0131 d\u00fc\u015f\u00fcr\u00fcld\u00fc\u011f\u00fcn\u00fc, kulland\u0131klar\u0131 ve bir k\u0131sm\u0131 a\u011f\u0131r makineli silahlarla donat\u0131lm\u0131\u015f \u00e7ok say\u0131da arac\u0131 da imha ettiklerini s\u00f6yledi.<\/p>\n<p>A.A. &#8211; M.M.<\/p>\n","protected":false},"excerpt":{"rendered":"<p>\u0130LLER \u2013 Vatan koruyucular\u0131m\u0131z \u2018\u0131l\u0131ml\u0131 muhalifler\u2019 yada \u2018Suriye devrimcileri\u2019 adland\u0131rmalar\u0131 alt\u0131nda kimi devletlerin her t\u00fcrl\u00fc deste\u011fi temin ettikleri \u00e7okuluslu ve hain ter\u00f6r \u00e7etelere y\u00f6nelik operasyonlar\u0131n\u0131 bug\u00fcn de ba\u015far\u0131yla s\u00fcrd\u00fcrerek, onlarcas\u0131n\u0131 a\u011f\u0131r silahlar\u0131 ve ara\u00e7lar\u0131yla etkisizle\u015ftirdi. \u015eam K\u0131rsal\u0131nda Onlarca Ter\u00f6rist \u00d6ld\u00fcr\u00fcld\u00fc Ordu birliklerimiz \u015eam k\u0131rsal\u0131n\u0131n g\u00fcneybat\u0131s\u0131 Hasno K\u00f6y\u00fcn\u00fcn bat\u0131s\u0131 ve el Makrusa Beldesinin do\u011fusunda \u00e7ok say\u0131da &hellip;<\/p>\n","protected":false},"author":1,"featured_media":25072,"comment_status":"closed","ping_status":"closed","sticky":false,"template":"","format":"standard","meta":{"footnotes":""},"categories":[575],"tags":[11951,11952],"class_list":["post-25071","post","type-post","status-publish","format-standard","has-post-thumbnail","","category-olaylar-ve-gercekler","tag-israil-ve-turkiyedeki-rejimin-destekledigi-teror-cetelerin-agir-kayiplari-suruyor-iller-vatan-koruyucularimiz-ilimli-muhalifler-yada-suriye-devrimcileri","tag-onlarcasini-agir-silahlari-ve-araclariyla-etkisizlestirdi"],"_links":{"self":[{"href":"https:\/\/archive.sana.sy\/tr\/index.php?rest_route=\/wp\/v2\/posts\/25071","targetHints":{"allow":["GET"]}}],"collection":[{"href":"https:\/\/archive.sana.sy\/tr\/index.php?rest_route=\/wp\/v2\/posts"}],"about":[{"href":"https:\/\/archive.sana.sy\/tr\/index.php?rest_route=\/wp\/v2\/types\/post"}],"author":[{"embeddable":true,"href":"https:\/\/archive.sana.sy\/tr\/index.php?rest_route=\/wp\/v2\/users\/1"}],"replies":[{"embeddable":true,"href":"https:\/\/archive.sana.sy\/tr\/index.php?rest_route=%2Fwp%2Fv2%2Fcomments&post=25071"}],"version-history":[{"count":0,"href":"https:\/\/archive.sana.sy\/tr\/index.php?rest_route=\/wp\/v2\/posts\/25071\/revisions"}],"wp:featuredmedia":[{"embeddable":true,"href":"https:\/\/archive.sana.sy\/tr\/index.php?rest_route=\/wp\/v2\/media\/25072"}],"wp:attachment":[{"href":"https:\/\/archive.sana.sy\/tr\/index.php?rest_route=%2Fwp%2Fv2%2Fmedia&parent=25071"}],"wp:term":[{"taxonomy":"category","embeddable":true,"href":"https:\/\/archive.sana.sy\/tr\/index.php?rest_route=%2Fwp%2Fv2%2Fcategories&post=25071"},{"taxonomy":"post_tag","embeddable":true,"href":"https:\/\/archive.sana.sy\/tr\/index.php?rest_route=%2Fwp%2Fv2%2Ftags&post=25071"}],"curies":[{"name":"wp","href":"https:\/\/api.w.org\/{rel}","templated":true}]}}