{"id":250726,"date":"2022-03-01T23:51:48","date_gmt":"2022-03-01T21:51:48","guid":{"rendered":"http:\/\/107.6.182.27\/tr\/?p=250726"},"modified":"2022-03-02T12:53:42","modified_gmt":"2022-03-02T10:53:42","slug":"dsg-milislerinin-ordu-kontrol-noktasina-duzenledigi-saldirida-biri-subay-iki-asker-sehit-dustu","status":"publish","type":"post","link":"https:\/\/archive.sana.sy\/tr\/?p=250726","title":{"rendered":"DSG Milislerinin Ordu Kontrol Noktas\u0131na D\u00fczenledi\u011fi Sald\u0131r\u0131da Biri Subay  \u0130ki Asker \u015eehit D\u00fc\u015ft\u00fc"},"content":{"rendered":"<p>HASEKE \u2013 Haseke k\u0131rsal\u0131n\u0131n kuzeybat\u0131s\u0131ndaki Tel Temr b\u00f6lgesinde Suriye Arap Ordusu&#8217;na ait bir kontrol noktas\u0131na ABD i\u015fgaline ba\u011fl\u0131 SDG milislerinin hain sald\u0131r\u0131s\u0131nda biri subay olmak \u00fczere iki asker \u015fehit oldu.<\/p>\n<p>Askeri bir kaynak SANA muhabirne yapt\u0131\u011f\u0131 a\u00e7\u0131klamda, \u201cBu \u00f6\u011fleden sonra saat iki sular\u0131nda, bir grup SDG milisinin e\u015flik etti\u011fi bir Amerikan i\u015fgal devriyesi, Suriye Arap Ordusunun Haseke iline tabi Tel Temr k\u0131rsal\u0131ndaki Gazliye k\u00f6y\u00fcndeki noktalar\u0131 aras\u0131na girmeye \u00e7al\u0131\u015ft\u0131. Suriye ordusu, i\u015fgal devriyesinin noktalar aras\u0131na girmesini engelledi ve geri d\u00f6nmeye zorlad\u0131\u201d dedi. Kaynak, \u201cK\u0131sa bir s\u00fcre sonra \u201cDSG\u201d milislerinin s\u00f6z konusu alana makineli t\u00fcfek ve havan toplar\u0131yla sald\u0131rmas\u0131 sonucu biri subay olan iki asker \u015fehit oldu\u201d diye s\u00f6zlerine ekledi.<\/p>\n<p>Kaynak, ordu birliklerinin &#8220;bir dizi DSG milisinin yaralanmas\u0131na yol a\u00e7an yang\u0131n kaynaklar\u0131na&#8221; yan\u0131t verdi\u011fine i\u015faret etti.<\/p>\n<p>P.M.<\/p>\n","protected":false},"excerpt":{"rendered":"<p>HASEKE \u2013 Haseke k\u0131rsal\u0131n\u0131n kuzeybat\u0131s\u0131ndaki Tel Temr b\u00f6lgesinde Suriye Arap Ordusu&#8217;na ait bir kontrol noktas\u0131na ABD i\u015fgaline ba\u011fl\u0131 SDG milislerinin hain sald\u0131r\u0131s\u0131nda biri subay olmak \u00fczere iki asker \u015fehit oldu. Askeri bir kaynak SANA muhabirne yapt\u0131\u011f\u0131 a\u00e7\u0131klamda, \u201cBu \u00f6\u011fleden sonra saat iki sular\u0131nda, bir grup SDG milisinin e\u015flik etti\u011fi bir Amerikan i\u015fgal devriyesi, Suriye Arap &hellip;<\/p>\n","protected":false},"author":36,"featured_media":250729,"comment_status":"closed","ping_status":"closed","sticky":false,"template":"","format":"standard","meta":{"footnotes":""},"categories":[479,575,17988,478],"tags":[],"class_list":["post-250726","post","type-post","status-publish","format-standard","has-post-thumbnail","","category-haberler-yerel","category-olaylar-ve-gercekler","category-son-haberler","category-yerel"],"_links":{"self":[{"href":"https:\/\/archive.sana.sy\/tr\/index.php?rest_route=\/wp\/v2\/posts\/250726","targetHints":{"allow":["GET"]}}],"collection":[{"href":"https:\/\/archive.sana.sy\/tr\/index.php?rest_route=\/wp\/v2\/posts"}],"about":[{"href":"https:\/\/archive.sana.sy\/tr\/index.php?rest_route=\/wp\/v2\/types\/post"}],"author":[{"embeddable":true,"href":"https:\/\/archive.sana.sy\/tr\/index.php?rest_route=\/wp\/v2\/users\/36"}],"replies":[{"embeddable":true,"href":"https:\/\/archive.sana.sy\/tr\/index.php?rest_route=%2Fwp%2Fv2%2Fcomments&post=250726"}],"version-history":[{"count":0,"href":"https:\/\/archive.sana.sy\/tr\/index.php?rest_route=\/wp\/v2\/posts\/250726\/revisions"}],"wp:featuredmedia":[{"embeddable":true,"href":"https:\/\/archive.sana.sy\/tr\/index.php?rest_route=\/wp\/v2\/media\/250729"}],"wp:attachment":[{"href":"https:\/\/archive.sana.sy\/tr\/index.php?rest_route=%2Fwp%2Fv2%2Fmedia&parent=250726"}],"wp:term":[{"taxonomy":"category","embeddable":true,"href":"https:\/\/archive.sana.sy\/tr\/index.php?rest_route=%2Fwp%2Fv2%2Fcategories&post=250726"},{"taxonomy":"post_tag","embeddable":true,"href":"https:\/\/archive.sana.sy\/tr\/index.php?rest_route=%2Fwp%2Fv2%2Ftags&post=250726"}],"curies":[{"name":"wp","href":"https:\/\/api.w.org\/{rel}","templated":true}]}}