{"id":250760,"date":"2022-03-03T10:47:58","date_gmt":"2022-03-03T08:47:58","guid":{"rendered":"http:\/\/107.6.182.27\/tr\/?p=250760"},"modified":"2022-03-04T09:08:01","modified_gmt":"2022-03-04T07:08:01","slug":"israil-isgal-gucleri-bati-yakada-19-filistinliyi-tutukladi-2","status":"publish","type":"post","link":"https:\/\/archive.sana.sy\/tr\/?p=250760","title":{"rendered":"\u0130srail \u0130\u015fgal G\u00fc\u00e7leri, Bat\u0131 Yaka\u2019da 19 Filistinliyi Tutuklad\u0131"},"content":{"rendered":"<p>\u0130\u015eGAL ALTINDAK\u0130 KUD\u00dcS \u2013 \u0130srail i\u015fgal g\u00fc\u00e7leri, Bat\u0131 yaka\u2019n\u0131n farkl\u0131 b\u00f6lgelerinde 19 Filistinliyi tutuklad\u0131.<\/p>\n<p>Filistinli MAAN Haber Ajans\u0131, \u0130srail \u0130\u015fgal g\u00fc\u00e7lerinin, Cenin, El Halil ve Beyt Lahm kentlerinin birka\u00e7 mahallesi, Nablus\u2019teki Beyt Dicin, Ramallah\u2019taki Ebu \u015eheydim ve Kubar, Cenin\u2019deki Kafar Rai beldeleri ve Ariha\u2019daki Akbet Cebir kamp\u0131na bask\u0131n d\u00fczenledi\u011fini belirtirken, 19 Filistinliyi tutuklad\u0131\u011f\u0131na i\u015faret etti.<\/p>\n<p>&nbsp;<\/p>\n","protected":false},"excerpt":{"rendered":"<p>\u0130\u015eGAL ALTINDAK\u0130 KUD\u00dcS \u2013 \u0130srail i\u015fgal g\u00fc\u00e7leri, Bat\u0131 yaka\u2019n\u0131n farkl\u0131 b\u00f6lgelerinde 19 Filistinliyi tutuklad\u0131. Filistinli MAAN Haber Ajans\u0131, \u0130srail \u0130\u015fgal g\u00fc\u00e7lerinin, Cenin, El Halil ve Beyt Lahm kentlerinin birka\u00e7 mahallesi, Nablus\u2019teki Beyt Dicin, Ramallah\u2019taki Ebu \u015eheydim ve Kubar, Cenin\u2019deki Kafar Rai beldeleri ve Ariha\u2019daki Akbet Cebir kamp\u0131na bask\u0131n d\u00fczenledi\u011fini belirtirken, 19 Filistinliyi tutuklad\u0131\u011f\u0131na i\u015faret etti. &hellip;<\/p>\n","protected":false},"author":36,"featured_media":250761,"comment_status":"closed","ping_status":"closed","sticky":false,"template":"","format":"standard","meta":{"footnotes":""},"categories":[458,459,17988],"tags":[],"class_list":["post-250760","post","type-post","status-publish","format-standard","has-post-thumbnail","","category-dunya1","category-haberler-arap-uluslararasi-politika","category-son-haberler"],"_links":{"self":[{"href":"https:\/\/archive.sana.sy\/tr\/index.php?rest_route=\/wp\/v2\/posts\/250760","targetHints":{"allow":["GET"]}}],"collection":[{"href":"https:\/\/archive.sana.sy\/tr\/index.php?rest_route=\/wp\/v2\/posts"}],"about":[{"href":"https:\/\/archive.sana.sy\/tr\/index.php?rest_route=\/wp\/v2\/types\/post"}],"author":[{"embeddable":true,"href":"https:\/\/archive.sana.sy\/tr\/index.php?rest_route=\/wp\/v2\/users\/36"}],"replies":[{"embeddable":true,"href":"https:\/\/archive.sana.sy\/tr\/index.php?rest_route=%2Fwp%2Fv2%2Fcomments&post=250760"}],"version-history":[{"count":0,"href":"https:\/\/archive.sana.sy\/tr\/index.php?rest_route=\/wp\/v2\/posts\/250760\/revisions"}],"wp:featuredmedia":[{"embeddable":true,"href":"https:\/\/archive.sana.sy\/tr\/index.php?rest_route=\/wp\/v2\/media\/250761"}],"wp:attachment":[{"href":"https:\/\/archive.sana.sy\/tr\/index.php?rest_route=%2Fwp%2Fv2%2Fmedia&parent=250760"}],"wp:term":[{"taxonomy":"category","embeddable":true,"href":"https:\/\/archive.sana.sy\/tr\/index.php?rest_route=%2Fwp%2Fv2%2Fcategories&post=250760"},{"taxonomy":"post_tag","embeddable":true,"href":"https:\/\/archive.sana.sy\/tr\/index.php?rest_route=%2Fwp%2Fv2%2Ftags&post=250760"}],"curies":[{"name":"wp","href":"https:\/\/api.w.org\/{rel}","templated":true}]}}