{"id":250772,"date":"2022-03-03T11:08:04","date_gmt":"2022-03-03T09:08:04","guid":{"rendered":"http:\/\/107.6.182.27\/tr\/?p=250772"},"modified":"2022-03-04T09:08:06","modified_gmt":"2022-03-04T07:08:06","slug":"cocuk-felcine-karsi-asi-kampanyasi-onumuzdeki-pazar-baslatilacak-2","status":"publish","type":"post","link":"https:\/\/archive.sana.sy\/tr\/?p=250772","title":{"rendered":"\u00c7ocuk Felcine Kar\u015f\u0131 A\u015f\u0131 Kampanyas\u0131 \u00d6n\u00fcm\u00fczdeki Pazar Ba\u015flat\u0131lacak"},"content":{"rendered":"<p>\u015eAM \u2013 Sa\u011fl\u0131k Bakanl\u0131\u011f\u0131, \u00e7ocuk felci hastal\u0131\u011f\u0131na kar\u015f\u0131 a\u015f\u0131 kampanyas\u0131n\u0131n \u00f6n\u00fcm\u00fczdeki Pazar g\u00fcn\u00fc ba\u015flayaca\u011f\u0131n\u0131 ve \u00f6nceki a\u015f\u0131lardan ba\u011f\u0131ms\u0131z olarak 1 g\u00fcnl\u00fckten 5 ya\u015fa kadar b\u00fct\u00fcn \u00e7ocuklar\u0131 hedefleyen sa\u011fl\u0131k merkezleri ve \u00e7e\u015fitli illerdeki gezici ekipler arac\u0131l\u0131\u011f\u0131yla yap\u0131laca\u011f\u0131n\u0131 ilan etti.<\/p>\n<p>Bakanl\u0131k yay\u0131nlad\u0131\u011f\u0131 ve SANA\u2019n\u0131n n\u00fcshas\u0131n\u0131 ald\u0131\u011f\u0131 beyanda, kampanyan\u0131n bu ay\u0131n 10\u2019una kadar devam edece\u011fini ve korona vir\u00fcs\u00fcne kar\u015f\u0131 al\u0131nan t\u00fcm \u00f6nlemlerle devam edece\u011fini belirtti.<\/p>\n","protected":false},"excerpt":{"rendered":"<p>\u015eAM \u2013 Sa\u011fl\u0131k Bakanl\u0131\u011f\u0131, \u00e7ocuk felci hastal\u0131\u011f\u0131na kar\u015f\u0131 a\u015f\u0131 kampanyas\u0131n\u0131n \u00f6n\u00fcm\u00fczdeki Pazar g\u00fcn\u00fc ba\u015flayaca\u011f\u0131n\u0131 ve \u00f6nceki a\u015f\u0131lardan ba\u011f\u0131ms\u0131z olarak 1 g\u00fcnl\u00fckten 5 ya\u015fa kadar b\u00fct\u00fcn \u00e7ocuklar\u0131 hedefleyen sa\u011fl\u0131k merkezleri ve \u00e7e\u015fitli illerdeki gezici ekipler arac\u0131l\u0131\u011f\u0131yla yap\u0131laca\u011f\u0131n\u0131 ilan etti. Bakanl\u0131k yay\u0131nlad\u0131\u011f\u0131 ve SANA\u2019n\u0131n n\u00fcshas\u0131n\u0131 ald\u0131\u011f\u0131 beyanda, kampanyan\u0131n bu ay\u0131n 10\u2019una kadar devam edece\u011fini ve korona vir\u00fcs\u00fcne &hellip;<\/p>\n","protected":false},"author":36,"featured_media":250773,"comment_status":"closed","ping_status":"closed","sticky":false,"template":"","format":"standard","meta":{"footnotes":""},"categories":[479,17988,478],"tags":[],"class_list":["post-250772","post","type-post","status-publish","format-standard","has-post-thumbnail","","category-haberler-yerel","category-son-haberler","category-yerel"],"_links":{"self":[{"href":"https:\/\/archive.sana.sy\/tr\/index.php?rest_route=\/wp\/v2\/posts\/250772","targetHints":{"allow":["GET"]}}],"collection":[{"href":"https:\/\/archive.sana.sy\/tr\/index.php?rest_route=\/wp\/v2\/posts"}],"about":[{"href":"https:\/\/archive.sana.sy\/tr\/index.php?rest_route=\/wp\/v2\/types\/post"}],"author":[{"embeddable":true,"href":"https:\/\/archive.sana.sy\/tr\/index.php?rest_route=\/wp\/v2\/users\/36"}],"replies":[{"embeddable":true,"href":"https:\/\/archive.sana.sy\/tr\/index.php?rest_route=%2Fwp%2Fv2%2Fcomments&post=250772"}],"version-history":[{"count":0,"href":"https:\/\/archive.sana.sy\/tr\/index.php?rest_route=\/wp\/v2\/posts\/250772\/revisions"}],"wp:featuredmedia":[{"embeddable":true,"href":"https:\/\/archive.sana.sy\/tr\/index.php?rest_route=\/wp\/v2\/media\/250773"}],"wp:attachment":[{"href":"https:\/\/archive.sana.sy\/tr\/index.php?rest_route=%2Fwp%2Fv2%2Fmedia&parent=250772"}],"wp:term":[{"taxonomy":"category","embeddable":true,"href":"https:\/\/archive.sana.sy\/tr\/index.php?rest_route=%2Fwp%2Fv2%2Fcategories&post=250772"},{"taxonomy":"post_tag","embeddable":true,"href":"https:\/\/archive.sana.sy\/tr\/index.php?rest_route=%2Fwp%2Fv2%2Ftags&post=250772"}],"curies":[{"name":"wp","href":"https:\/\/api.w.org\/{rel}","templated":true}]}}