{"id":250776,"date":"2022-03-03T14:44:02","date_gmt":"2022-03-03T12:44:02","guid":{"rendered":"http:\/\/107.6.182.27\/tr\/?p=250776"},"modified":"2022-03-04T09:08:08","modified_gmt":"2022-03-04T07:08:08","slug":"amerikan-isgali-yuzlerce-tutukluyu-haseke-kirsalindan-irak-topraklarina-nakletti","status":"publish","type":"post","link":"https:\/\/archive.sana.sy\/tr\/?p=250776","title":{"rendered":"Amerikan \u0130\u015fgali Y\u00fczlerce Tutukluyu Haseke K\u0131rsal\u0131ndan Irak Topraklar\u0131na Nakletti"},"content":{"rendered":"<p>HASEKE \u2013 Amerikan i\u015fgal g\u00fc\u00e7leri, kendilerine ba\u011fl\u0131 \u201cDSG\u201d milislerinin yard\u0131m\u0131yla, Haseke k\u0131rsal\u0131n\u0131n kuzeyinde yer alan Han El Cebel kamp\u0131ndan I\u015e\u0130D\u2019li ter\u00f6rist ailelerin de i\u00e7inde bulundu\u011fu y\u00fczlerce ki\u015fiyi, yasad\u0131\u015f\u0131 El Velid gi\u00e7idinden Irak topraklar\u0131na nakletti.<\/p>\n<p>El Malikiye b\u00f6lgesinden yerel kaynaklar SANA muhabirine, ABD i\u015fgal g\u00fc\u00e7leri ve &#8220;DSG&#8221; milislerinin, Han El Cebel kamp\u0131ndaki I\u015e\u0130D ter\u00f6ristlerinin ailelerinden y\u00fczlerce tutukluyu yasad\u0131\u015f\u0131 El Velid ge\u00e7idinden Irak&#8217;a naklettmek i\u00e7in otob\u00fcs ve kamyonlar\u0131n da bulundu\u011fu 200&#8217;den fazla ara\u00e7 s\u00fcrd\u00fc\u011f\u00fcn\u00fc s\u00f6yledi.<\/p>\n","protected":false},"excerpt":{"rendered":"<p>HASEKE \u2013 Amerikan i\u015fgal g\u00fc\u00e7leri, kendilerine ba\u011fl\u0131 \u201cDSG\u201d milislerinin yard\u0131m\u0131yla, Haseke k\u0131rsal\u0131n\u0131n kuzeyinde yer alan Han El Cebel kamp\u0131ndan I\u015e\u0130D\u2019li ter\u00f6rist ailelerin de i\u00e7inde bulundu\u011fu y\u00fczlerce ki\u015fiyi, yasad\u0131\u015f\u0131 El Velid gi\u00e7idinden Irak topraklar\u0131na nakletti. El Malikiye b\u00f6lgesinden yerel kaynaklar SANA muhabirine, ABD i\u015fgal g\u00fc\u00e7leri ve &#8220;DSG&#8221; milislerinin, Han El Cebel kamp\u0131ndaki I\u015e\u0130D ter\u00f6ristlerinin ailelerinden y\u00fczlerce &hellip;<\/p>\n","protected":false},"author":36,"featured_media":250779,"comment_status":"closed","ping_status":"closed","sticky":false,"template":"","format":"standard","meta":{"footnotes":""},"categories":[479,575,17988,478],"tags":[],"class_list":["post-250776","post","type-post","status-publish","format-standard","has-post-thumbnail","","category-haberler-yerel","category-olaylar-ve-gercekler","category-son-haberler","category-yerel"],"_links":{"self":[{"href":"https:\/\/archive.sana.sy\/tr\/index.php?rest_route=\/wp\/v2\/posts\/250776","targetHints":{"allow":["GET"]}}],"collection":[{"href":"https:\/\/archive.sana.sy\/tr\/index.php?rest_route=\/wp\/v2\/posts"}],"about":[{"href":"https:\/\/archive.sana.sy\/tr\/index.php?rest_route=\/wp\/v2\/types\/post"}],"author":[{"embeddable":true,"href":"https:\/\/archive.sana.sy\/tr\/index.php?rest_route=\/wp\/v2\/users\/36"}],"replies":[{"embeddable":true,"href":"https:\/\/archive.sana.sy\/tr\/index.php?rest_route=%2Fwp%2Fv2%2Fcomments&post=250776"}],"version-history":[{"count":0,"href":"https:\/\/archive.sana.sy\/tr\/index.php?rest_route=\/wp\/v2\/posts\/250776\/revisions"}],"wp:featuredmedia":[{"embeddable":true,"href":"https:\/\/archive.sana.sy\/tr\/index.php?rest_route=\/wp\/v2\/media\/250779"}],"wp:attachment":[{"href":"https:\/\/archive.sana.sy\/tr\/index.php?rest_route=%2Fwp%2Fv2%2Fmedia&parent=250776"}],"wp:term":[{"taxonomy":"category","embeddable":true,"href":"https:\/\/archive.sana.sy\/tr\/index.php?rest_route=%2Fwp%2Fv2%2Fcategories&post=250776"},{"taxonomy":"post_tag","embeddable":true,"href":"https:\/\/archive.sana.sy\/tr\/index.php?rest_route=%2Fwp%2Fv2%2Ftags&post=250776"}],"curies":[{"name":"wp","href":"https:\/\/api.w.org\/{rel}","templated":true}]}}