{"id":250781,"date":"2022-03-03T18:56:01","date_gmt":"2022-03-03T16:56:01","guid":{"rendered":"http:\/\/107.6.182.27\/tr\/?p=250781"},"modified":"2022-03-04T13:00:57","modified_gmt":"2022-03-04T11:00:57","slug":"uzlasma-kapsamindaki-onlarca-kisi-deyrezzor-halep-ve-rakkada-uzlasmaya-katildi","status":"publish","type":"post","link":"https:\/\/archive.sana.sy\/tr\/?p=250781","title":{"rendered":"Uzla\u015fma Kapsam\u0131ndaki Onlarca Ki\u015fi Deyrezzor, Halep ve Rakka&#8217;da Uzla\u015fmaya Kat\u0131ld\u0131"},"content":{"rendered":"<p style=\"text-align: justify;\">\u0130LLER &#8211; \u0130htisas komiteleri bug\u00fcn, Suriye Arap Ordusu&#8217;nun ter\u00f6rden ar\u0131nd\u0131rd\u0131\u011f\u0131 b\u00f6lgelerde istikrar\u0131n sa\u011flanmas\u0131 ve yeniden imar\u0131 i\u00e7in devletin \u00f6nerdi\u011fi kapsaml\u0131 \u00e7\u00f6z\u00fcm \u00e7er\u00e7evesinde Deyrezzor, Rakka ve Halep&#8217;te aranan onlarca sivil ve askerin durumlar\u0131n\u0131 d\u00fczeltti.<\/p>\n<p style=\"text-align: justify;\">Deyrezzor ilindeki \u0130\u015f\u00e7i Salonunda durumlar\u0131n\u0131 d\u00fczelten baz\u0131 \u015fah\u0131slar SANA muhabirine yapt\u0131klar\u0131 a\u00e7\u0131klamalarda, &#8220;evlerine ve k\u00f6ylerine d\u00f6nmek i\u00e7in durumlar\u0131n\u0131 d\u00fczelttiklerini, topraklar\u0131n\u0131 ekim \u00e7al\u0131\u015fmalar\u0131yla ilgilendiklerini&#8221; ifade ettiler.<\/p>\n<p style=\"text-align: justify;\">Muhabir, Rakka&#8217;n\u0131n do\u011fu k\u0131rsal\u0131ndan bug\u00fcn el Sabha Belde Merkezinden, kapsananlar\u0131n say\u0131s\u0131ndaki kayda de\u011fer bir art\u0131\u015f\u0131n ortam\u0131nda merkezin, durumlar\u0131n\u0131 \u00e7\u00f6zmek isteyen \u00e7ok say\u0131da insan\u0131 kabul etti\u011fini, yetkili makamlar taraf\u0131ndan, baz\u0131 illerin \u015fahit oldu\u011fu uzla\u015fmalar s\u0131ras\u0131nda, ileri gelenler ve yerel halk\u0131n \u00f6zverileryle i\u015fbirli\u011fi i\u00e7inde y\u00fcr\u00fct\u00fclen \u00e7abalarda, devletin t\u00fcm Suriyelileri kapsayan s\u0131cak kucak oldu\u011fu ifade edildi.<\/p>\n<p style=\"text-align: justify;\">SANA muhabiri, Halep&#8217;in do\u011fu k\u0131rsal\u0131ndaki Deyr Hafir ve Tel Arn merkezlerinde, bug\u00fcn onlarca aranan ki\u015finin uzla\u015fmaya kat\u0131ld\u0131klar\u0131n\u0131, uzla\u015fmaya kat\u0131lanlar\u0131n baz\u0131lar\u0131n\u0131n bu f\u0131rsat\u0131n evlatlar\u0131n\u0131n istikrars\u0131zl\u0131k durumlar\u0131n\u0131 sonland\u0131rmay\u0131 ve baz\u0131lar\u0131nda DSG milislerinin di\u011fer baz\u0131lar\u0131nda da ter\u00f6rist \u00f6rg\u00fctlerin yay\u0131ld\u0131\u011f\u0131 b\u00f6lgelerden evlerine d\u00f6nd\u00fcrmeyi ama\u00e7layan ahali nezdinde b\u00fcy\u00fck ra\u011fbet g\u00f6rd\u00fc\u011f\u00fc belirtildi.<\/p>\n","protected":false},"excerpt":{"rendered":"<p>\u0130LLER &#8211; \u0130htisas komiteleri bug\u00fcn, Suriye Arap Ordusu&#8217;nun ter\u00f6rden ar\u0131nd\u0131rd\u0131\u011f\u0131 b\u00f6lgelerde istikrar\u0131n sa\u011flanmas\u0131 ve yeniden imar\u0131 i\u00e7in devletin \u00f6nerdi\u011fi kapsaml\u0131 \u00e7\u00f6z\u00fcm \u00e7er\u00e7evesinde Deyrezzor, Rakka ve Halep&#8217;te aranan onlarca sivil ve askerin durumlar\u0131n\u0131 d\u00fczeltti. Deyrezzor ilindeki \u0130\u015f\u00e7i Salonunda durumlar\u0131n\u0131 d\u00fczelten baz\u0131 \u015fah\u0131slar SANA muhabirine yapt\u0131klar\u0131 a\u00e7\u0131klamalarda, &#8220;evlerine ve k\u00f6ylerine d\u00f6nmek i\u00e7in durumlar\u0131n\u0131 d\u00fczelttiklerini, topraklar\u0131n\u0131 ekim \u00e7al\u0131\u015fmalar\u0131yla &hellip;<\/p>\n","protected":false},"author":1,"featured_media":250782,"comment_status":"closed","ping_status":"closed","sticky":false,"template":"","format":"standard","meta":{"footnotes":""},"categories":[479,17988,478],"tags":[],"class_list":["post-250781","post","type-post","status-publish","format-standard","has-post-thumbnail","","category-haberler-yerel","category-son-haberler","category-yerel"],"_links":{"self":[{"href":"https:\/\/archive.sana.sy\/tr\/index.php?rest_route=\/wp\/v2\/posts\/250781","targetHints":{"allow":["GET"]}}],"collection":[{"href":"https:\/\/archive.sana.sy\/tr\/index.php?rest_route=\/wp\/v2\/posts"}],"about":[{"href":"https:\/\/archive.sana.sy\/tr\/index.php?rest_route=\/wp\/v2\/types\/post"}],"author":[{"embeddable":true,"href":"https:\/\/archive.sana.sy\/tr\/index.php?rest_route=\/wp\/v2\/users\/1"}],"replies":[{"embeddable":true,"href":"https:\/\/archive.sana.sy\/tr\/index.php?rest_route=%2Fwp%2Fv2%2Fcomments&post=250781"}],"version-history":[{"count":0,"href":"https:\/\/archive.sana.sy\/tr\/index.php?rest_route=\/wp\/v2\/posts\/250781\/revisions"}],"wp:featuredmedia":[{"embeddable":true,"href":"https:\/\/archive.sana.sy\/tr\/index.php?rest_route=\/wp\/v2\/media\/250782"}],"wp:attachment":[{"href":"https:\/\/archive.sana.sy\/tr\/index.php?rest_route=%2Fwp%2Fv2%2Fmedia&parent=250781"}],"wp:term":[{"taxonomy":"category","embeddable":true,"href":"https:\/\/archive.sana.sy\/tr\/index.php?rest_route=%2Fwp%2Fv2%2Fcategories&post=250781"},{"taxonomy":"post_tag","embeddable":true,"href":"https:\/\/archive.sana.sy\/tr\/index.php?rest_route=%2Fwp%2Fv2%2Ftags&post=250781"}],"curies":[{"name":"wp","href":"https:\/\/api.w.org\/{rel}","templated":true}]}}