{"id":250789,"date":"2022-03-03T22:51:22","date_gmt":"2022-03-03T20:51:22","guid":{"rendered":"http:\/\/107.6.182.27\/tr\/?p=250789"},"modified":"2022-03-04T13:00:51","modified_gmt":"2022-03-04T11:00:51","slug":"ahaliler-ve-ordu-kontrol-noktalari-haseke-kirsalindaki-iki-koyden-amerikan-isgal-guclerinin-iki-konvoyu-sinir-disi-etti-video","status":"publish","type":"post","link":"https:\/\/archive.sana.sy\/tr\/?p=250789","title":{"rendered":"Ahaliler ve Ordu Kontrol Noktalar\u0131, Haseke k\u0131rsal\u0131ndaki iki k\u00f6yden Amerikan \u0130\u015fgal G\u00fc\u00e7lerinin \u0130ki Konvoyu S\u0131n\u0131r D\u0131\u015f\u0131 Etti (V\u0130DEO)"},"content":{"rendered":"<p style=\"text-align: justify;\">HASEKE \u2013 Haseke&#8217;deki Kam\u0131\u015fl\u0131 b\u00f6lgesindeki bulunan el Salihiye ve el Dadu\u015fiye k\u00f6yleri ahalileri, Suriye Arap Ordusu&#8217;nun kontrol noktalar\u0131 ile i\u015f birli\u011fi yaparak Amerikan i\u015fgal g\u00fc\u00e7lerine ait iki askeri konvoyun \u00f6n\u00fcn\u00fc keserek b\u00f6lgeden \u00e7\u0131kmaya zorlad\u0131.<\/p>\n<p style=\"text-align: justify;\">Kam\u0131\u015fl\u0131\u2019dan yerel kaynaklar SANA muhabirine yapt\u0131klar\u0131 a\u00e7\u0131lamda, &#8220;Kam\u0131\u015fl\u0131&#8217;n\u0131n g\u00fcneyindeki el Salihiye k\u00f6y\u00fcn\u00fcn giri\u015finde bir ordu kontrol noktas\u0131n\u0131n unsurlar\u0131, Amerikan i\u015fgal kuvvetlerine ait bir konvoyun yolunu kesip onu b\u00f6lgeden ayr\u0131lmaya zorlad\u0131&#8221; dedi.<\/p>\n<p style=\"text-align: justify;\">Ayn\u0131 b\u00f6lgede, kaynaklar, \u201cDadu\u015fiye k\u00f6y\u00fc ahalisinin, ordunun kontrol noktalar\u0131ndan biriyle i\u015fbirli\u011fi yaparak, k\u00f6yden ge\u00e7meye \u00e7al\u0131\u015fan 4 z\u0131rhl\u0131 ara\u00e7tan olu\u015fan bir Amerikan i\u015fgalci konvoyunu s\u0131n\u0131r d\u0131\u015f\u0131 ettiklerini ve onlar\u0131n geldi\u011fi b\u00f6lgeye do\u011fru geri d\u00f6nd\u00fcklerine\u201d dikkat \u00e7ekti.<\/p>\n<p style=\"text-align: justify;\">P.M.<\/p>\n<p><iframe loading=\"lazy\" title=\"YouTube video player\" src=\"https:\/\/www.youtube.com\/embed\/kw3oGyZ4OnQ\" width=\"660\" height=\"370\" frameborder=\"0\" allowfullscreen=\"allowfullscreen\"><span data-mce-type=\"bookmark\" style=\"display: inline-block; width: 0px; overflow: hidden; line-height: 0;\" class=\"mce_SELRES_start\">\ufeff<\/span><\/iframe><\/p>\n","protected":false},"excerpt":{"rendered":"<p>HASEKE \u2013 Haseke&#8217;deki Kam\u0131\u015fl\u0131 b\u00f6lgesindeki bulunan el Salihiye ve el Dadu\u015fiye k\u00f6yleri ahalileri, Suriye Arap Ordusu&#8217;nun kontrol noktalar\u0131 ile i\u015f birli\u011fi yaparak Amerikan i\u015fgal g\u00fc\u00e7lerine ait iki askeri konvoyun \u00f6n\u00fcn\u00fc keserek b\u00f6lgeden \u00e7\u0131kmaya zorlad\u0131. Kam\u0131\u015fl\u0131\u2019dan yerel kaynaklar SANA muhabirine yapt\u0131klar\u0131 a\u00e7\u0131lamda, &#8220;Kam\u0131\u015fl\u0131&#8217;n\u0131n g\u00fcneyindeki el Salihiye k\u00f6y\u00fcn\u00fcn giri\u015finde bir ordu kontrol noktas\u0131n\u0131n unsurlar\u0131, Amerikan i\u015fgal kuvvetlerine &hellip;<\/p>\n","protected":false},"author":1,"featured_media":250790,"comment_status":"closed","ping_status":"closed","sticky":false,"template":"","format":"standard","meta":{"footnotes":""},"categories":[479,575,17988,478],"tags":[],"class_list":["post-250789","post","type-post","status-publish","format-standard","has-post-thumbnail","","category-haberler-yerel","category-olaylar-ve-gercekler","category-son-haberler","category-yerel"],"_links":{"self":[{"href":"https:\/\/archive.sana.sy\/tr\/index.php?rest_route=\/wp\/v2\/posts\/250789","targetHints":{"allow":["GET"]}}],"collection":[{"href":"https:\/\/archive.sana.sy\/tr\/index.php?rest_route=\/wp\/v2\/posts"}],"about":[{"href":"https:\/\/archive.sana.sy\/tr\/index.php?rest_route=\/wp\/v2\/types\/post"}],"author":[{"embeddable":true,"href":"https:\/\/archive.sana.sy\/tr\/index.php?rest_route=\/wp\/v2\/users\/1"}],"replies":[{"embeddable":true,"href":"https:\/\/archive.sana.sy\/tr\/index.php?rest_route=%2Fwp%2Fv2%2Fcomments&post=250789"}],"version-history":[{"count":0,"href":"https:\/\/archive.sana.sy\/tr\/index.php?rest_route=\/wp\/v2\/posts\/250789\/revisions"}],"wp:featuredmedia":[{"embeddable":true,"href":"https:\/\/archive.sana.sy\/tr\/index.php?rest_route=\/wp\/v2\/media\/250790"}],"wp:attachment":[{"href":"https:\/\/archive.sana.sy\/tr\/index.php?rest_route=%2Fwp%2Fv2%2Fmedia&parent=250789"}],"wp:term":[{"taxonomy":"category","embeddable":true,"href":"https:\/\/archive.sana.sy\/tr\/index.php?rest_route=%2Fwp%2Fv2%2Fcategories&post=250789"},{"taxonomy":"post_tag","embeddable":true,"href":"https:\/\/archive.sana.sy\/tr\/index.php?rest_route=%2Fwp%2Fv2%2Ftags&post=250789"}],"curies":[{"name":"wp","href":"https:\/\/api.w.org\/{rel}","templated":true}]}}