{"id":250798,"date":"2022-03-03T22:57:10","date_gmt":"2022-03-03T20:57:10","guid":{"rendered":"http:\/\/107.6.182.27\/tr\/?p=250798"},"modified":"2022-03-04T09:06:59","modified_gmt":"2022-03-04T07:06:59","slug":"buyukelci-ala-batinin-ukraynaya-olumcul-silah-ve-fuze-gondermesi-krizi-tirmandirmayi-ve-rusya-uzerinde-baski-kurmayi-amacliyor","status":"publish","type":"post","link":"https:\/\/archive.sana.sy\/tr\/?p=250798","title":{"rendered":"B\u00fcy\u00fckel\u00e7i Ala: Bat\u0131&#8217;n\u0131n Ukrayna&#8217;ya \u00d6l\u00fcmc\u00fcl Silah ve F\u00fcze G\u00f6ndermesi, Krizi T\u0131rmand\u0131rmay\u0131 ve Rusya \u00dczerinde Bask\u0131 Kurmay\u0131 Ama\u00e7l\u0131yor"},"content":{"rendered":"<p style=\"text-align: justify;\">CENEVRE \u2013 Suriye&#8217;nin Cenevre&#8217;deki Birle\u015fmi\u015f Milletler Ofisi ve Uluslararas\u0131 \u00d6rg\u00fctler Daimi Temsilcisi B\u00fcy\u00fckel\u00e7i Husamettin Ala, Bat\u0131&#8217;n\u0131n Ukrayna&#8217;ya \u00f6ld\u00fcr\u00fcc\u00fc silah ve f\u00fczeler g\u00f6ndermesinin ve Rusya&#8217;ya kar\u015f\u0131 tek tarafl\u0131 zorlay\u0131c\u0131 \u00f6nlemler uygulamas\u0131n\u0131n, krizi t\u0131rmand\u0131rmay\u0131 ve ona bask\u0131 yapmay\u0131 ama\u00e7lad\u0131\u011f\u0131n\u0131 teyit etti.<\/p>\n<p style=\"text-align: justify;\">\u0130nsan Haklar\u0131 Konseyi&#8217;nin k\u0131rk dokuzuncu oturumu s\u0131ras\u0131nda Ukrayna ile ilgili acil tart\u0131\u015fmada B\u00fcy\u00fckel\u00e7i Alla, Konseyin insan haklar\u0131n\u0131 geli\u015ftirme ve korumadaki rol\u00fcn\u00fcn i\u015fbirli\u011fi ve diyaloga dayanmas\u0131, ayr\u0131ca, evrensellik, nesnellik ve se\u00e7ici olmama ilkelerine ba\u011fl\u0131 kalmak, \u00e7ifte standarttan ve siyasalla\u015ft\u0131rmadan uzak durmas\u0131 gerekti\u011fini s\u00f6yledi.<\/p>\n<p style=\"text-align: justify;\">B\u00fcy\u00fckel\u00e7i Ala, Donbass b\u00f6lgesi sakinlerinin maruz kald\u0131\u011f\u0131 insan haklar\u0131 ihlallerine ve b\u00f6lgedeki yerle\u015fim yerlerini hedef alan, sivil kay\u0131plara ve binlerce ki\u015finin Rus topraklar\u0131na ka\u00e7mas\u0131na neden olan Ukrayna bombal\u0131 sald\u0131r\u0131s\u0131n\u0131 k\u0131nayan sessizli\u011fin ard\u0131ndan Ukrayna ile ilgili acil tart\u0131\u015fma oturumunun d\u00fczenlenmesinin amac\u0131n\u0131n insan haklar\u0131 kayg\u0131lar\u0131ndan de\u011fil, durumu t\u0131rmand\u0131rmaya ve Rusya Federasyonu \u00fczerinde bask\u0131 olu\u015fturmaya \u00e7al\u0131\u015fan siyasi \u00e7\u0131karlardan ve g\u00fcndemlerden kaynakland\u0131\u011f\u0131n\u0131 belirtti.<\/p>\n<p style=\"text-align: justify;\">B\u00fcy\u00fckel\u00e7i Ala, Rusya&#8217;ya kar\u015f\u0131 yasa d\u0131\u015f\u0131 tek tarafl\u0131 zorlay\u0131c\u0131 tedbirlere ba\u015fvurman\u0131n, me\u015fru g\u00fcvenlik kayg\u0131lar\u0131n\u0131 g\u00f6rmezden gelmenin ve Ukrayna&#8217;ya \u00f6ld\u00fcr\u00fcc\u00fc silah ve f\u00fczeler g\u00f6ndermenin Bat\u0131l\u0131 \u00fclkelerin krizi t\u0131rmand\u0131rma ve Rusya&#8217;n\u0131n ulusal g\u00fcvenli\u011fini tehdit etmeye devam etme arzusunu teyit etti\u011fini de belirtti.<\/p>\n<p style=\"text-align: justify;\">B\u00fcy\u00fckel\u00e7i Ala, Suriye&#8217;nin bu oturumu ve \u00f6n\u00fcndeki siyasile\u015ftirilmi\u015f karar tasla\u011f\u0131n\u0131 Ukrayna&#8217;daki insan haklar\u0131 endi\u015felerini kapsaml\u0131 ve adil bir \u015fekilde ele almak i\u00e7in ge\u00e7erli bir temel olarak g\u00f6rmedi\u011fini s\u00f6ylerken, Konseye \u00fcye devletleri, \u0130nsan Haklar\u0131 Konseyi&#8217;nin g\u00f6rev ve rol\u00fcyle ve krizlerin bar\u0131\u015f\u00e7\u0131l bir \u015fekilde \u00e7\u00f6z\u00fclmesine katk\u0131da bulunma sorumlulu\u011fuyla \u00e7eli\u015fen bu politik yakla\u015f\u0131ma son vermeye \u00e7a\u011f\u0131rd\u0131.<\/p>\n<p style=\"text-align: justify;\">P.M.<\/p>\n","protected":false},"excerpt":{"rendered":"<p>CENEVRE \u2013 Suriye&#8217;nin Cenevre&#8217;deki Birle\u015fmi\u015f Milletler Ofisi ve Uluslararas\u0131 \u00d6rg\u00fctler Daimi Temsilcisi B\u00fcy\u00fckel\u00e7i Husamettin Ala, Bat\u0131&#8217;n\u0131n Ukrayna&#8217;ya \u00f6ld\u00fcr\u00fcc\u00fc silah ve f\u00fczeler g\u00f6ndermesinin ve Rusya&#8217;ya kar\u015f\u0131 tek tarafl\u0131 zorlay\u0131c\u0131 \u00f6nlemler uygulamas\u0131n\u0131n, krizi t\u0131rmand\u0131rmay\u0131 ve ona bask\u0131 yapmay\u0131 ama\u00e7lad\u0131\u011f\u0131n\u0131 teyit etti. \u0130nsan Haklar\u0131 Konseyi&#8217;nin k\u0131rk dokuzuncu oturumu s\u0131ras\u0131nda Ukrayna ile ilgili acil tart\u0131\u015fmada B\u00fcy\u00fckel\u00e7i Alla, Konseyin insan &hellip;<\/p>\n","protected":false},"author":1,"featured_media":250799,"comment_status":"closed","ping_status":"closed","sticky":false,"template":"","format":"standard","meta":{"footnotes":""},"categories":[458,459,17988],"tags":[],"class_list":["post-250798","post","type-post","status-publish","format-standard","has-post-thumbnail","","category-dunya1","category-haberler-arap-uluslararasi-politika","category-son-haberler"],"_links":{"self":[{"href":"https:\/\/archive.sana.sy\/tr\/index.php?rest_route=\/wp\/v2\/posts\/250798","targetHints":{"allow":["GET"]}}],"collection":[{"href":"https:\/\/archive.sana.sy\/tr\/index.php?rest_route=\/wp\/v2\/posts"}],"about":[{"href":"https:\/\/archive.sana.sy\/tr\/index.php?rest_route=\/wp\/v2\/types\/post"}],"author":[{"embeddable":true,"href":"https:\/\/archive.sana.sy\/tr\/index.php?rest_route=\/wp\/v2\/users\/1"}],"replies":[{"embeddable":true,"href":"https:\/\/archive.sana.sy\/tr\/index.php?rest_route=%2Fwp%2Fv2%2Fcomments&post=250798"}],"version-history":[{"count":0,"href":"https:\/\/archive.sana.sy\/tr\/index.php?rest_route=\/wp\/v2\/posts\/250798\/revisions"}],"wp:featuredmedia":[{"embeddable":true,"href":"https:\/\/archive.sana.sy\/tr\/index.php?rest_route=\/wp\/v2\/media\/250799"}],"wp:attachment":[{"href":"https:\/\/archive.sana.sy\/tr\/index.php?rest_route=%2Fwp%2Fv2%2Fmedia&parent=250798"}],"wp:term":[{"taxonomy":"category","embeddable":true,"href":"https:\/\/archive.sana.sy\/tr\/index.php?rest_route=%2Fwp%2Fv2%2Fcategories&post=250798"},{"taxonomy":"post_tag","embeddable":true,"href":"https:\/\/archive.sana.sy\/tr\/index.php?rest_route=%2Fwp%2Fv2%2Ftags&post=250798"}],"curies":[{"name":"wp","href":"https:\/\/api.w.org\/{rel}","templated":true}]}}