{"id":250801,"date":"2022-03-04T00:29:05","date_gmt":"2022-03-03T22:29:05","guid":{"rendered":"http:\/\/107.6.182.27\/tr\/?p=250801"},"modified":"2022-03-04T13:00:45","modified_gmt":"2022-03-04T11:00:45","slug":"muhammed-bin-rasid-al-maktum-expo-2020-dubaide-suriye-pavyonunu-ziyaret-etti","status":"publish","type":"post","link":"https:\/\/archive.sana.sy\/tr\/?p=250801","title":{"rendered":"Muhammed bin Ra\u015fid Al Maktum, Expo 2020 Dubai&#8217;de Suriye Pavyonunu Ziyaret Etti"},"content":{"rendered":"<p style=\"text-align: justify;\">DUBA\u0130 \u2013 BAE Ba\u015fkan Yard\u0131mc\u0131s\u0131 ve Ba\u015fbakan\u0131 ve Dubai H\u00fck\u00fcmdar\u0131 \u015eeyh Muhammed bin Ra\u015fid Al Maktum, Expo 2020 Dubai&#8217;de Suriye Pavyonu&#8217;nu ziyaret etti.<\/p>\n<p style=\"text-align: justify;\">Ziyaret s\u0131ras\u0131nda \u015eeyh Al Maktum, se\u00e7kin Suriyeli sanat\u00e7\u0131lar\u0131n baz\u0131 eserleri hakk\u0131nda ve ayr\u0131ca Ugarit K\u0131rall\u0131\u011f\u0131\u2019ndan \u00e7\u0131kan ilk alfabe ve m\u00fczik notasyonu ve ilk \u015fiir de dahil olmak \u00fczere Suriye&#8217;nin antik tarihini vurgulayan pavyonun sergiledi\u011fi \u00f6zellikler hakk\u0131nda bilgi ald\u0131.<\/p>\n<p style=\"text-align: justify;\">Al Maktum, pavyonun denet\u00e7ilerinden i\u00e7erdi\u011fi en \u00f6nemli sergilerden biri hakk\u0131nda bir a\u00e7\u0131klama dinledi. S\u00f6z konusu, Ugarit&#8217;te ke\u015ffedilen ilk yaz\u0131l\u0131 alfabenin, tarihin belgelenmi\u015f en eski alfabesi olan M.\u00d6. 1400 y\u0131llar\u0131na ait kopyas\u0131d\u0131r.<\/p>\n<p style=\"text-align: justify;\">Al Maktum, F\u0131rat Nehri k\u0131y\u0131s\u0131nda ve g\u00fcney Suriye&#8217;de d\u00fcnyan\u0131n ilk tar\u0131m\u0131na ev sahipli\u011fi yapan zengin Suriye uygarl\u0131\u011f\u0131n\u0131n \u00f6nemli y\u00f6nleri hakk\u0131nda pavyonun neler g\u00f6sterdi\u011fi hakk\u0131nda da bilgi ald\u0131.<\/p>\n<p style=\"text-align: justify;\">Ziyaretin sonunda Al Maktum, Twitter&#8217;da att\u0131\u011f\u0131 bir tweet&#8217;te, &#8220;Bug\u00fcn, Expo 2020&#8217;de Suriye&#8217;nin pavyonunu, Suriye, k\u00fclt\u00fcr, medeniyet ve alfabeyi ziyaret ettim. Suriye, Amoritler, Fenikeliler, Aramice ve di\u011ferleri.. Suriye. , Arap ve \u0130slam medeniyeti.. Expo bug\u00fcn d\u00fcnya k\u00fclt\u00fcrlerini bir araya getirdi.. ve Suriye 8000 y\u0131l boyunca kucaklad\u0131.. Allah Suriye&#8217;yi korusun\u201d dedi.<\/p>\n<p style=\"text-align: justify;\">P.M.<\/p>\n","protected":false},"excerpt":{"rendered":"<p>DUBA\u0130 \u2013 BAE Ba\u015fkan Yard\u0131mc\u0131s\u0131 ve Ba\u015fbakan\u0131 ve Dubai H\u00fck\u00fcmdar\u0131 \u015eeyh Muhammed bin Ra\u015fid Al Maktum, Expo 2020 Dubai&#8217;de Suriye Pavyonu&#8217;nu ziyaret etti. Ziyaret s\u0131ras\u0131nda \u015eeyh Al Maktum, se\u00e7kin Suriyeli sanat\u00e7\u0131lar\u0131n baz\u0131 eserleri hakk\u0131nda ve ayr\u0131ca Ugarit K\u0131rall\u0131\u011f\u0131\u2019ndan \u00e7\u0131kan ilk alfabe ve m\u00fczik notasyonu ve ilk \u015fiir de dahil olmak \u00fczere Suriye&#8217;nin antik tarihini vurgulayan &hellip;<\/p>\n","protected":false},"author":1,"featured_media":250802,"comment_status":"closed","ping_status":"closed","sticky":false,"template":"","format":"standard","meta":{"footnotes":""},"categories":[458,459,511,17988],"tags":[],"class_list":["post-250801","post","type-post","status-publish","format-standard","has-post-thumbnail","","category-dunya1","category-haberler-arap-uluslararasi-politika","category-kultur-ve-sanat","category-son-haberler"],"_links":{"self":[{"href":"https:\/\/archive.sana.sy\/tr\/index.php?rest_route=\/wp\/v2\/posts\/250801","targetHints":{"allow":["GET"]}}],"collection":[{"href":"https:\/\/archive.sana.sy\/tr\/index.php?rest_route=\/wp\/v2\/posts"}],"about":[{"href":"https:\/\/archive.sana.sy\/tr\/index.php?rest_route=\/wp\/v2\/types\/post"}],"author":[{"embeddable":true,"href":"https:\/\/archive.sana.sy\/tr\/index.php?rest_route=\/wp\/v2\/users\/1"}],"replies":[{"embeddable":true,"href":"https:\/\/archive.sana.sy\/tr\/index.php?rest_route=%2Fwp%2Fv2%2Fcomments&post=250801"}],"version-history":[{"count":0,"href":"https:\/\/archive.sana.sy\/tr\/index.php?rest_route=\/wp\/v2\/posts\/250801\/revisions"}],"wp:featuredmedia":[{"embeddable":true,"href":"https:\/\/archive.sana.sy\/tr\/index.php?rest_route=\/wp\/v2\/media\/250802"}],"wp:attachment":[{"href":"https:\/\/archive.sana.sy\/tr\/index.php?rest_route=%2Fwp%2Fv2%2Fmedia&parent=250801"}],"wp:term":[{"taxonomy":"category","embeddable":true,"href":"https:\/\/archive.sana.sy\/tr\/index.php?rest_route=%2Fwp%2Fv2%2Fcategories&post=250801"},{"taxonomy":"post_tag","embeddable":true,"href":"https:\/\/archive.sana.sy\/tr\/index.php?rest_route=%2Fwp%2Fv2%2Ftags&post=250801"}],"curies":[{"name":"wp","href":"https:\/\/api.w.org\/{rel}","templated":true}]}}