{"id":250804,"date":"2022-03-04T09:10:54","date_gmt":"2022-03-04T07:10:54","guid":{"rendered":"http:\/\/107.6.182.27\/tr\/?p=250804"},"modified":"2022-03-07T08:39:45","modified_gmt":"2022-03-07T06:39:45","slug":"saglik-bakanligi-yeni-78-koronavirus-190-sifa-3-vefat-vakasi-kaydedildi","status":"publish","type":"post","link":"https:\/\/archive.sana.sy\/tr\/?p=250804","title":{"rendered":"Sa\u011fl\u0131k Bakanl\u0131\u011f\u0131, Yeni\u00a0 78 Koronavir\u00fcs, 190 \u015eifa, 3 Vefat Vakas\u0131 Kaydedildi"},"content":{"rendered":"<p>\u015eAM \u2013 Sa\u011fl\u0131k Bakanl\u0131\u011f\u0131, yeni 78 koronavir\u00fcs vakas\u0131n\u0131n tescil edildi\u011fini, tescil edilen vakalardan 190\u2019\u0131n\u0131n \u015fifa buldu\u011funu, 3\u2019\u00fcn\u00fcn de vefat etti\u011fini ilan etti.<\/p>\n<p>Bakanl\u0131k yay\u0131nlad\u0131\u011f\u0131 ve SANA\u2019n\u0131n n\u00fcshas\u0131n\u0131 ald\u0131\u011f\u0131 beyanda, Suriye\u2019de tescil edilen vaka say\u0131s\u0131n\u0131n bug\u00fcne kadar 54822\u2019ye y\u00fckseldi\u011fini, bunlardan 47715\u2019inin iyile\u015fti\u011fini, 3085\u2019inin de vefat etti\u011fine i\u015faret etti.<\/p>\n","protected":false},"excerpt":{"rendered":"<p>\u015eAM \u2013 Sa\u011fl\u0131k Bakanl\u0131\u011f\u0131, yeni 78 koronavir\u00fcs vakas\u0131n\u0131n tescil edildi\u011fini, tescil edilen vakalardan 190\u2019\u0131n\u0131n \u015fifa buldu\u011funu, 3\u2019\u00fcn\u00fcn de vefat etti\u011fini ilan etti. Bakanl\u0131k yay\u0131nlad\u0131\u011f\u0131 ve SANA\u2019n\u0131n n\u00fcshas\u0131n\u0131 ald\u0131\u011f\u0131 beyanda, Suriye\u2019de tescil edilen vaka say\u0131s\u0131n\u0131n bug\u00fcne kadar 54822\u2019ye y\u00fckseldi\u011fini, bunlardan 47715\u2019inin iyile\u015fti\u011fini, 3085\u2019inin de vefat etti\u011fine i\u015faret etti.<\/p>\n","protected":false},"author":36,"featured_media":250805,"comment_status":"closed","ping_status":"closed","sticky":false,"template":"","format":"standard","meta":{"footnotes":""},"categories":[526,479,17988,525,478],"tags":[],"class_list":["post-250804","post","type-post","status-publish","format-standard","has-post-thumbnail","","category-haber-ve-raporlar","category-haberler-yerel","category-son-haberler","category-toplum","category-yerel"],"_links":{"self":[{"href":"https:\/\/archive.sana.sy\/tr\/index.php?rest_route=\/wp\/v2\/posts\/250804","targetHints":{"allow":["GET"]}}],"collection":[{"href":"https:\/\/archive.sana.sy\/tr\/index.php?rest_route=\/wp\/v2\/posts"}],"about":[{"href":"https:\/\/archive.sana.sy\/tr\/index.php?rest_route=\/wp\/v2\/types\/post"}],"author":[{"embeddable":true,"href":"https:\/\/archive.sana.sy\/tr\/index.php?rest_route=\/wp\/v2\/users\/36"}],"replies":[{"embeddable":true,"href":"https:\/\/archive.sana.sy\/tr\/index.php?rest_route=%2Fwp%2Fv2%2Fcomments&post=250804"}],"version-history":[{"count":0,"href":"https:\/\/archive.sana.sy\/tr\/index.php?rest_route=\/wp\/v2\/posts\/250804\/revisions"}],"wp:featuredmedia":[{"embeddable":true,"href":"https:\/\/archive.sana.sy\/tr\/index.php?rest_route=\/wp\/v2\/media\/250805"}],"wp:attachment":[{"href":"https:\/\/archive.sana.sy\/tr\/index.php?rest_route=%2Fwp%2Fv2%2Fmedia&parent=250804"}],"wp:term":[{"taxonomy":"category","embeddable":true,"href":"https:\/\/archive.sana.sy\/tr\/index.php?rest_route=%2Fwp%2Fv2%2Fcategories&post=250804"},{"taxonomy":"post_tag","embeddable":true,"href":"https:\/\/archive.sana.sy\/tr\/index.php?rest_route=%2Fwp%2Fv2%2Ftags&post=250804"}],"curies":[{"name":"wp","href":"https:\/\/api.w.org\/{rel}","templated":true}]}}