{"id":250857,"date":"2022-03-05T12:38:16","date_gmt":"2022-03-05T10:38:16","guid":{"rendered":"http:\/\/107.6.182.27\/tr\/?p=250857"},"modified":"2022-03-07T08:29:42","modified_gmt":"2022-03-07T06:29:42","slug":"hava-kosullarinin-duzelmesi-ardindan-limanlar-yeniden-acildi","status":"publish","type":"post","link":"https:\/\/archive.sana.sy\/tr\/?p=250857","title":{"rendered":"Hava Ko\u015fullar\u0131n\u0131n D\u00fczelmesi Ard\u0131ndan Limanlar Yeniden A\u00e7\u0131ld\u0131"},"content":{"rendered":"<p style=\"text-align: justify;\">\u015eAM &#8211; Limanlar Genel M\u00fcd\u00fcrl\u00fc\u011f\u00fc, hava ko\u015fullar\u0131n\u0131n d\u00fczelmesinin ard\u0131ndan bug\u00fcn t\u00fcm limanlar\u0131n seyr\u00fcsefer ve bal\u0131k\u00e7\u0131l\u0131\u011fa a\u00e7\u0131ld\u0131\u011f\u0131n\u0131 duyurdu.<\/p>\n<p style=\"text-align: justify;\">Deniz Limanlar\u0131 Genel M\u00fcd\u00fcr\u00fc Tu\u011fgeneral Samer K\u0131br\u0131sl\u0131 SANA&#8217;ya yapt\u0131\u011f\u0131 a\u00e7\u0131klamada, k\u0131y\u0131lar\u0131 vuran f\u0131rt\u0131nan\u0131n sona ermesi ve hava ko\u015fullar\u0131n\u0131n d\u00fczelmesinin ard\u0131ndan t\u00fcm limanlar\u0131n deniz seyr\u00fcseferine ve bal\u0131k\u00e7\u0131lara yeniden a\u00e7\u0131ld\u0131\u011f\u0131n\u0131 a\u00e7\u0131klad\u0131.<\/p>\n","protected":false},"excerpt":{"rendered":"<p>\u015eAM &#8211; Limanlar Genel M\u00fcd\u00fcrl\u00fc\u011f\u00fc, hava ko\u015fullar\u0131n\u0131n d\u00fczelmesinin ard\u0131ndan bug\u00fcn t\u00fcm limanlar\u0131n seyr\u00fcsefer ve bal\u0131k\u00e7\u0131l\u0131\u011fa a\u00e7\u0131ld\u0131\u011f\u0131n\u0131 duyurdu. Deniz Limanlar\u0131 Genel M\u00fcd\u00fcr\u00fc Tu\u011fgeneral Samer K\u0131br\u0131sl\u0131 SANA&#8217;ya yapt\u0131\u011f\u0131 a\u00e7\u0131klamada, k\u0131y\u0131lar\u0131 vuran f\u0131rt\u0131nan\u0131n sona ermesi ve hava ko\u015fullar\u0131n\u0131n d\u00fczelmesinin ard\u0131ndan t\u00fcm limanlar\u0131n deniz seyr\u00fcseferine ve bal\u0131k\u00e7\u0131lara yeniden a\u00e7\u0131ld\u0131\u011f\u0131n\u0131 a\u00e7\u0131klad\u0131.<\/p>\n","protected":false},"author":1,"featured_media":250858,"comment_status":"closed","ping_status":"closed","sticky":false,"template":"","format":"standard","meta":{"footnotes":""},"categories":[479,17988,478],"tags":[],"class_list":["post-250857","post","type-post","status-publish","format-standard","has-post-thumbnail","","category-haberler-yerel","category-son-haberler","category-yerel"],"_links":{"self":[{"href":"https:\/\/archive.sana.sy\/tr\/index.php?rest_route=\/wp\/v2\/posts\/250857","targetHints":{"allow":["GET"]}}],"collection":[{"href":"https:\/\/archive.sana.sy\/tr\/index.php?rest_route=\/wp\/v2\/posts"}],"about":[{"href":"https:\/\/archive.sana.sy\/tr\/index.php?rest_route=\/wp\/v2\/types\/post"}],"author":[{"embeddable":true,"href":"https:\/\/archive.sana.sy\/tr\/index.php?rest_route=\/wp\/v2\/users\/1"}],"replies":[{"embeddable":true,"href":"https:\/\/archive.sana.sy\/tr\/index.php?rest_route=%2Fwp%2Fv2%2Fcomments&post=250857"}],"version-history":[{"count":0,"href":"https:\/\/archive.sana.sy\/tr\/index.php?rest_route=\/wp\/v2\/posts\/250857\/revisions"}],"wp:featuredmedia":[{"embeddable":true,"href":"https:\/\/archive.sana.sy\/tr\/index.php?rest_route=\/wp\/v2\/media\/250858"}],"wp:attachment":[{"href":"https:\/\/archive.sana.sy\/tr\/index.php?rest_route=%2Fwp%2Fv2%2Fmedia&parent=250857"}],"wp:term":[{"taxonomy":"category","embeddable":true,"href":"https:\/\/archive.sana.sy\/tr\/index.php?rest_route=%2Fwp%2Fv2%2Fcategories&post=250857"},{"taxonomy":"post_tag","embeddable":true,"href":"https:\/\/archive.sana.sy\/tr\/index.php?rest_route=%2Fwp%2Fv2%2Ftags&post=250857"}],"curies":[{"name":"wp","href":"https:\/\/api.w.org\/{rel}","templated":true}]}}