{"id":250860,"date":"2022-03-05T12:39:54","date_gmt":"2022-03-05T10:39:54","guid":{"rendered":"http:\/\/107.6.182.27\/tr\/?p=250860"},"modified":"2022-03-07T08:29:54","modified_gmt":"2022-03-07T06:29:54","slug":"amerikan-isgali-haseke-kirsalindaki-uslerinden-iraka-askeri-techizat-tasidi","status":"publish","type":"post","link":"https:\/\/archive.sana.sy\/tr\/?p=250860","title":{"rendered":"Amerikan i\u015fgali, Haseke k\u0131rsal\u0131ndaki \u00fcslerinden Irak&#8217;a askeri te\u00e7hizat ta\u015f\u0131d\u0131"},"content":{"rendered":"<p style=\"text-align: justify;\">HASEKE &#8211; Amerikan i\u015fgal g\u00fc\u00e7leri, 42 ara\u00e7tan olu\u015fan askeri konvoyu Haseke k\u0131rsal\u0131ndaki \u00fcss\u00fcnden Irak&#8217;\u0131n kuzeyine yasad\u0131\u015f\u0131 El Velid kap\u0131s\u0131ndan \u00e7\u0131kard\u0131.<\/p>\n<p style=\"text-align: justify;\">Ya&#8217;rubiye k\u0131rsal\u0131ndan yerel kaynaklar SANA muhabirine verdi\u011fi deme\u00e7te, aralar\u0131nda Amerikan i\u015fgal kuvvetlerine ait iki z\u0131rhl\u0131 arac\u0131n e\u015flik etti\u011fi 40&#8217;\u0131 askeri te\u00e7hizat ta\u015f\u0131yan 42 t\u0131rdan olu\u015fan bir konvoyun d\u00fcn gece yar\u0131s\u0131 yasad\u0131\u015f\u0131 Al Velid s\u0131n\u0131r kap\u0131s\u0131ndan ayr\u0131larak kuzey Irak&#8217;a y\u00f6neldi\u011fini s\u00f6yledi.<\/p>\n","protected":false},"excerpt":{"rendered":"<p>HASEKE &#8211; Amerikan i\u015fgal g\u00fc\u00e7leri, 42 ara\u00e7tan olu\u015fan askeri konvoyu Haseke k\u0131rsal\u0131ndaki \u00fcss\u00fcnden Irak&#8217;\u0131n kuzeyine yasad\u0131\u015f\u0131 El Velid kap\u0131s\u0131ndan \u00e7\u0131kard\u0131. Ya&#8217;rubiye k\u0131rsal\u0131ndan yerel kaynaklar SANA muhabirine verdi\u011fi deme\u00e7te, aralar\u0131nda Amerikan i\u015fgal kuvvetlerine ait iki z\u0131rhl\u0131 arac\u0131n e\u015flik etti\u011fi 40&#8217;\u0131 askeri te\u00e7hizat ta\u015f\u0131yan 42 t\u0131rdan olu\u015fan bir konvoyun d\u00fcn gece yar\u0131s\u0131 yasad\u0131\u015f\u0131 Al Velid s\u0131n\u0131r kap\u0131s\u0131ndan &hellip;<\/p>\n","protected":false},"author":1,"featured_media":250861,"comment_status":"closed","ping_status":"closed","sticky":false,"template":"","format":"standard","meta":{"footnotes":""},"categories":[479,575,17988,478],"tags":[],"class_list":["post-250860","post","type-post","status-publish","format-standard","has-post-thumbnail","","category-haberler-yerel","category-olaylar-ve-gercekler","category-son-haberler","category-yerel"],"_links":{"self":[{"href":"https:\/\/archive.sana.sy\/tr\/index.php?rest_route=\/wp\/v2\/posts\/250860","targetHints":{"allow":["GET"]}}],"collection":[{"href":"https:\/\/archive.sana.sy\/tr\/index.php?rest_route=\/wp\/v2\/posts"}],"about":[{"href":"https:\/\/archive.sana.sy\/tr\/index.php?rest_route=\/wp\/v2\/types\/post"}],"author":[{"embeddable":true,"href":"https:\/\/archive.sana.sy\/tr\/index.php?rest_route=\/wp\/v2\/users\/1"}],"replies":[{"embeddable":true,"href":"https:\/\/archive.sana.sy\/tr\/index.php?rest_route=%2Fwp%2Fv2%2Fcomments&post=250860"}],"version-history":[{"count":0,"href":"https:\/\/archive.sana.sy\/tr\/index.php?rest_route=\/wp\/v2\/posts\/250860\/revisions"}],"wp:featuredmedia":[{"embeddable":true,"href":"https:\/\/archive.sana.sy\/tr\/index.php?rest_route=\/wp\/v2\/media\/250861"}],"wp:attachment":[{"href":"https:\/\/archive.sana.sy\/tr\/index.php?rest_route=%2Fwp%2Fv2%2Fmedia&parent=250860"}],"wp:term":[{"taxonomy":"category","embeddable":true,"href":"https:\/\/archive.sana.sy\/tr\/index.php?rest_route=%2Fwp%2Fv2%2Fcategories&post=250860"},{"taxonomy":"post_tag","embeddable":true,"href":"https:\/\/archive.sana.sy\/tr\/index.php?rest_route=%2Fwp%2Fv2%2Ftags&post=250860"}],"curies":[{"name":"wp","href":"https:\/\/api.w.org\/{rel}","templated":true}]}}