{"id":250867,"date":"2022-03-05T14:55:08","date_gmt":"2022-03-05T12:55:08","guid":{"rendered":"http:\/\/107.6.182.27\/tr\/?p=250867"},"modified":"2022-03-07T08:30:24","modified_gmt":"2022-03-07T06:30:24","slug":"saglik-bakanligi-cocuk-felcine-karsi-ilk-ulusal-asi-kampanyasini-yarin-baslatiyor","status":"publish","type":"post","link":"https:\/\/archive.sana.sy\/tr\/?p=250867","title":{"rendered":"Sa\u011fl\u0131k Bakanl\u0131\u011f\u0131 \u00c7ocuk Felcine Kar\u015f\u0131 \u0130lk Ulusal A\u015f\u0131 Kampanyas\u0131n\u0131 Yar\u0131n Ba\u015flat\u0131yor"},"content":{"rendered":"<p style=\"text-align: justify;\">\u015eAM &#8211; Sa\u011fl\u0131k Bakanl\u0131\u011f\u0131 taraf\u0131ndan yar\u0131n bu ay\u0131n 10&#8217;una kadar devam edecek ve daha \u00f6nceki a\u015f\u0131lardan ba\u011f\u0131ms\u0131z olarak bir g\u00fcnden be\u015f ya\u015f\u0131na kadar olan \u00e7ocuklar\u0131 hedef alacak 2022 y\u0131l\u0131n\u0131n ilk ulusal \u00e7ocuk felci a\u015f\u0131s\u0131 kampanyas\u0131n\u0131 ba\u015flat\u0131yor.<\/p>\n<p style=\"text-align: justify;\">Sa\u011fl\u0131k Bakanl\u0131\u011f\u0131 Temel Sa\u011fl\u0131k Hizmetleri M\u00fcd\u00fcr\u00fc Dr. Rezan Al Tarabi\u015fi&#8217;nin SANA&#8217;ya verdi\u011fi bilgiye g\u00f6re, kampanya \u00e7e\u015fitli illerde yakla\u015f\u0131k 2,7 milyon \u00e7ocu\u011fa ula\u015fmay\u0131 hedefledi\u011fini, kampanyay\u0131 ba\u015flatmak ve hedeflenen t\u00fcm \u00e7ocuklara ula\u015fmak i\u00e7in t\u00fcm teknik ve lojistik haz\u0131rl\u0131klar\u0131n tamamland\u0131\u011f\u0131n\u0131 belirtti.<\/p>\n<p style=\"text-align: justify;\">Al Tarabi\u015fi, kampanyan\u0131n 10.210 sa\u011fl\u0131k personelinin kat\u0131l\u0131m\u0131yla 977 sa\u011fl\u0131k merkezi ve 2450 gezici ekip arac\u0131l\u0131\u011f\u0131yla y\u00fcr\u00fct\u00fcld\u00fc\u011f\u00fcn\u00fc belirterek, a\u015f\u0131n\u0131n \u00e7ocu\u011fu ve toplumu korudu\u011fu i\u00e7in ebeveynlerin kal\u0131c\u0131 sakatl\u0131\u011fa veya \u00f6l\u00fcme yol a\u00e7an tehlikeli \u00e7ocuk felci hastal\u0131\u011f\u0131ndan korumalar\u0131 i\u00e7in \u00e7ocuklar\u0131n\u0131 sa\u011fl\u0131k merkezlerine veya gezici ekiplere g\u00f6t\u00fcrmelerinin \u00f6nemini vurgulad\u0131.<\/p>\n<p style=\"text-align: justify;\">Dr. Al Tarabi\u015fi, a\u015f\u0131n\u0131n g\u00fcvenli, \u00fccretsiz, etkili, ula\u015f\u0131labilir ve D\u00fcnya Sa\u011fl\u0131k \u00d6rg\u00fct\u00fc taraf\u0131ndan tavsiye edildi\u011fini ayr\u0131ca, a\u015f\u0131lara verilen ba\u011f\u0131\u015f\u0131kl\u0131k tepkisi, \u00e7ocuklar\u0131n ba\u011f\u0131\u015f\u0131kl\u0131k sisteminin Covid 19&#8217;a tepkisini bozmad\u0131\u011f\u0131n\u0131, so\u011fuk alg\u0131nl\u0131\u011f\u0131, \u00f6ks\u00fcr\u00fck, ishal, hafif ate\u015f, fizyolojik sar\u0131l\u0131k gibi s\u0131k g\u00f6r\u00fclen semptomlar\u0131 veya a\u015f\u0131dan antibiyotik kullan\u0131m\u0131 engellemedi\u011fine dikkat \u00e7ekti.<\/p>\n","protected":false},"excerpt":{"rendered":"<p>\u015eAM &#8211; Sa\u011fl\u0131k Bakanl\u0131\u011f\u0131 taraf\u0131ndan yar\u0131n bu ay\u0131n 10&#8217;una kadar devam edecek ve daha \u00f6nceki a\u015f\u0131lardan ba\u011f\u0131ms\u0131z olarak bir g\u00fcnden be\u015f ya\u015f\u0131na kadar olan \u00e7ocuklar\u0131 hedef alacak 2022 y\u0131l\u0131n\u0131n ilk ulusal \u00e7ocuk felci a\u015f\u0131s\u0131 kampanyas\u0131n\u0131 ba\u015flat\u0131yor. Sa\u011fl\u0131k Bakanl\u0131\u011f\u0131 Temel Sa\u011fl\u0131k Hizmetleri M\u00fcd\u00fcr\u00fc Dr. Rezan Al Tarabi\u015fi&#8217;nin SANA&#8217;ya verdi\u011fi bilgiye g\u00f6re, kampanya \u00e7e\u015fitli illerde yakla\u015f\u0131k 2,7 &hellip;<\/p>\n","protected":false},"author":1,"featured_media":250868,"comment_status":"closed","ping_status":"closed","sticky":false,"template":"","format":"standard","meta":{"footnotes":""},"categories":[526,479,525,478],"tags":[],"class_list":["post-250867","post","type-post","status-publish","format-standard","has-post-thumbnail","","category-haber-ve-raporlar","category-haberler-yerel","category-toplum","category-yerel"],"_links":{"self":[{"href":"https:\/\/archive.sana.sy\/tr\/index.php?rest_route=\/wp\/v2\/posts\/250867","targetHints":{"allow":["GET"]}}],"collection":[{"href":"https:\/\/archive.sana.sy\/tr\/index.php?rest_route=\/wp\/v2\/posts"}],"about":[{"href":"https:\/\/archive.sana.sy\/tr\/index.php?rest_route=\/wp\/v2\/types\/post"}],"author":[{"embeddable":true,"href":"https:\/\/archive.sana.sy\/tr\/index.php?rest_route=\/wp\/v2\/users\/1"}],"replies":[{"embeddable":true,"href":"https:\/\/archive.sana.sy\/tr\/index.php?rest_route=%2Fwp%2Fv2%2Fcomments&post=250867"}],"version-history":[{"count":0,"href":"https:\/\/archive.sana.sy\/tr\/index.php?rest_route=\/wp\/v2\/posts\/250867\/revisions"}],"wp:featuredmedia":[{"embeddable":true,"href":"https:\/\/archive.sana.sy\/tr\/index.php?rest_route=\/wp\/v2\/media\/250868"}],"wp:attachment":[{"href":"https:\/\/archive.sana.sy\/tr\/index.php?rest_route=%2Fwp%2Fv2%2Fmedia&parent=250867"}],"wp:term":[{"taxonomy":"category","embeddable":true,"href":"https:\/\/archive.sana.sy\/tr\/index.php?rest_route=%2Fwp%2Fv2%2Fcategories&post=250867"},{"taxonomy":"post_tag","embeddable":true,"href":"https:\/\/archive.sana.sy\/tr\/index.php?rest_route=%2Fwp%2Fv2%2Ftags&post=250867"}],"curies":[{"name":"wp","href":"https:\/\/api.w.org\/{rel}","templated":true}]}}