{"id":25090,"date":"2015-02-28T19:14:55","date_gmt":"2015-02-28T17:14:55","guid":{"rendered":"http:\/\/www.sana.sy\/tr\/?p=25090"},"modified":"2015-02-28T19:14:55","modified_gmt":"2015-02-28T17:14:55","slug":"musluman-kardesler-genel-mursidine-omur-boyu-hapis-cezasi","status":"publish","type":"post","link":"https:\/\/archive.sana.sy\/tr\/?p=25090","title":{"rendered":"M\u00fcsl\u00fcman Karde\u015fler Genel M\u00fcr\u015fidine \u00d6m\u00fcr Boyu Hapis Cezas\u0131"},"content":{"rendered":"<p>KAH\u0130RE \u2013 M\u0131s\u0131r\u2019\u0131n ba\u015fkenti Kahire&#8217;de Cinayet Mahkemesi M\u00fcsl\u00fcman Karde\u015fler ter\u00f6r \u00f6rg\u00fct\u00fcn\u00fcn genel m\u00fcr\u015fidi Muhammed Bedi\u2019e \u00f6m\u00fcr boyu hapis cezas\u0131 verdi.<\/p>\n<p>M\u0131s\u0131r medya ara\u00e7lar\u0131 Kahire Cinayet Mahkemesinin \u2018\u0130r\u015fat Ofisi olaylar\u0131\u2019 olarak bilinen davada Bedi\u2019nin yan\u0131 s\u0131ra yard\u0131mc\u0131s\u0131 Heyrat el \u015eat\u0131r ve s\u00f6z konusu ter\u00f6r \u00f6rg\u00fct\u00fc liderlerinden 12 ki\u015fiyi daha \u00f6m\u00fcr boyu hapis cezas\u0131na \u00e7arpt\u0131\u011f\u0131n\u0131 aktard\u0131.<\/p>\n<p>Haberde mahkemenin ayr\u0131ca 2013 y\u0131l\u0131nda iki g\u00f6stericiyi \u00f6ld\u00fcrme su\u00e7undan yarg\u0131lanan 4 ki\u015finin idam h\u00fckm\u00fcn\u00fc onaylad\u0131\u011f\u0131 bildirildi.<\/p>\n<p>Bu arada \u2018\u0130r\u015fat Ofisi Olaylar\u0131\u2019 olarak bilinen davada 2013 Haziran ay\u0131nda Kahire&#8217;de ter\u00f6r \u00f6rg\u00fct\u00fc say\u0131lan M\u00fcsl\u00fcman Karde\u015flerin \u0130r\u015fat Ofisine sald\u0131r\u0131 san\u0131klar\u0131 mahkemede yarg\u0131lan\u0131yor.<\/p>\n<p>Bu arada M\u0131s\u0131r yarg\u0131s\u0131 son y\u0131llarda M\u0131s\u0131r\u2019\u0131n muhtelif b\u00f6lgelerinde meydana gelen bir dizi ter\u00f6r sald\u0131r\u0131s\u0131 ve bombal\u0131 eylemlerden dolay\u0131 M\u00fcsl\u00fcman Karde\u015fler ter\u00f6r \u00f6rg\u00fct\u00fcnden \u00e7ok say\u0131da ter\u00f6rist ve eleba\u015f\u0131n\u0131 yarg\u0131lad\u0131.<\/p>\n<p>A.A. &#8211; M.M.<\/p>\n","protected":false},"excerpt":{"rendered":"<p>KAH\u0130RE \u2013 M\u0131s\u0131r\u2019\u0131n ba\u015fkenti Kahire&#8217;de Cinayet Mahkemesi M\u00fcsl\u00fcman Karde\u015fler ter\u00f6r \u00f6rg\u00fct\u00fcn\u00fcn genel m\u00fcr\u015fidi Muhammed Bedi\u2019e \u00f6m\u00fcr boyu hapis cezas\u0131 verdi. M\u0131s\u0131r medya ara\u00e7lar\u0131 Kahire Cinayet Mahkemesinin \u2018\u0130r\u015fat Ofisi olaylar\u0131\u2019 olarak bilinen davada Bedi\u2019nin yan\u0131 s\u0131ra yard\u0131mc\u0131s\u0131 Heyrat el \u015eat\u0131r ve s\u00f6z konusu ter\u00f6r \u00f6rg\u00fct\u00fc liderlerinden 12 ki\u015fiyi daha \u00f6m\u00fcr boyu hapis cezas\u0131na \u00e7arpt\u0131\u011f\u0131n\u0131 aktard\u0131. Haberde &hellip;<\/p>\n","protected":false},"author":1,"featured_media":25091,"comment_status":"closed","ping_status":"closed","sticky":false,"template":"","format":"standard","meta":{"footnotes":""},"categories":[458,459,447],"tags":[11958,11957],"class_list":["post-25090","post","type-post","status-publish","format-standard","has-post-thumbnail","","category-dunya1","category-haberler-arap-uluslararasi-politika","category-politika","tag-kahire-misirin-baskenti-kahirede-cinayet-mahkemesi-musluman-kardesler-teror-orgutunun-genel-mursidi-muhammed-bedie-omur-boyu-hapis-cezasi-verdi","tag-musluman-kardesler-genel-mursidine-omur-boyu-hapis-cezasi"],"_links":{"self":[{"href":"https:\/\/archive.sana.sy\/tr\/index.php?rest_route=\/wp\/v2\/posts\/25090","targetHints":{"allow":["GET"]}}],"collection":[{"href":"https:\/\/archive.sana.sy\/tr\/index.php?rest_route=\/wp\/v2\/posts"}],"about":[{"href":"https:\/\/archive.sana.sy\/tr\/index.php?rest_route=\/wp\/v2\/types\/post"}],"author":[{"embeddable":true,"href":"https:\/\/archive.sana.sy\/tr\/index.php?rest_route=\/wp\/v2\/users\/1"}],"replies":[{"embeddable":true,"href":"https:\/\/archive.sana.sy\/tr\/index.php?rest_route=%2Fwp%2Fv2%2Fcomments&post=25090"}],"version-history":[{"count":0,"href":"https:\/\/archive.sana.sy\/tr\/index.php?rest_route=\/wp\/v2\/posts\/25090\/revisions"}],"wp:featuredmedia":[{"embeddable":true,"href":"https:\/\/archive.sana.sy\/tr\/index.php?rest_route=\/wp\/v2\/media\/25091"}],"wp:attachment":[{"href":"https:\/\/archive.sana.sy\/tr\/index.php?rest_route=%2Fwp%2Fv2%2Fmedia&parent=25090"}],"wp:term":[{"taxonomy":"category","embeddable":true,"href":"https:\/\/archive.sana.sy\/tr\/index.php?rest_route=%2Fwp%2Fv2%2Fcategories&post=25090"},{"taxonomy":"post_tag","embeddable":true,"href":"https:\/\/archive.sana.sy\/tr\/index.php?rest_route=%2Fwp%2Fv2%2Ftags&post=25090"}],"curies":[{"name":"wp","href":"https:\/\/api.w.org\/{rel}","templated":true}]}}