{"id":250909,"date":"2022-03-06T11:05:25","date_gmt":"2022-03-06T09:05:25","guid":{"rendered":"http:\/\/107.6.182.27\/tr\/?p=250909"},"modified":"2022-03-07T08:37:56","modified_gmt":"2022-03-07T06:37:56","slug":"mikdad-suriye-ve-ermenistan-arasindaki-iliskiler-her-alanda-buyuyen-bir-gelismeye-tanik-oluyor","status":"publish","type":"post","link":"https:\/\/archive.sana.sy\/tr\/?p=250909","title":{"rendered":"Mikdad: Suriye Ve Ermenistan Aras\u0131ndaki \u0130li\u015fkiler Her Alanda B\u00fcy\u00fcyen Bir Geli\u015fmeye Tan\u0131k Oluyor"},"content":{"rendered":"<p style=\"text-align: justify;\">\u015eAM &#8211; D\u0131\u015fi\u015fleri ve Gurbet\u00e7iler Bakan\u0131 Dr. Faysal Mikdad, Suriye ve Ermenistan aras\u0131ndaki dostane ili\u015fkilerin iki \u00fclke aras\u0131ndaki ortak \u00e7\u0131karlara hizmet etmek i\u00e7in her alanda b\u00fcy\u00fcyen bir geli\u015fmeye tan\u0131k oldu\u011funu belirtti.<\/p>\n<p style=\"text-align: justify;\">Ermeni mevkida\u015f\u0131 Ararat Mirzoyan ile iki \u00fclke aras\u0131nda diplomatik ili\u015fkilerin kurulmas\u0131n\u0131n otuzuncu y\u0131ld\u00f6n\u00fcm\u00fc vesilesiyle bir kutlama mesaj\u0131 al\u0131\u015fveri\u015finde bulunan Mikdad, dost Ermenistan h\u00fck\u00fcmetine ve halk\u0131na en i\u00e7ten tebriklerini ve en iyi dileklerini iletti.<\/p>\n<p style=\"text-align: justify;\">Mikdad, Suriye h\u00fck\u00fcmetinin iki \u00fclkenin ortak \u00e7\u0131karlar\u0131na hizmet etmek ve iki halk aras\u0131ndaki ard\u0131\u015f\u0131k T\u00fcrk rejimlerinin soyk\u0131r\u0131m ve neo-T\u00fcrk politikalar\u0131 kar\u015f\u0131s\u0131nda kanla kutsalla\u015ft\u0131r\u0131lan tarihi ili\u015fkilerin ba\u011flar\u0131n\u0131 g\u00fc\u00e7lendirmek i\u00e7in daha fazla ilerleme kaydetme arzusunu yineledi.<\/p>\n<p style=\"text-align: justify;\">Kendi y\u00f6n\u00fcnden Bakan Mirzoyan ise bu vesileyle Suriye h\u00fck\u00fcmetini en i\u00e7ten tebriklerini dile getirerek, Ermeni-Suriye ili\u015fkilerinin sa\u011flam bir sayg\u0131 ve kar\u015f\u0131l\u0131kl\u0131 g\u00fcvene dayal\u0131 oldu\u011funu dile getirdi.<\/p>\n<p style=\"text-align: justify;\">Bakan Mirzoyan, Suriye&#8217;deki krizin ilk g\u00fcn\u00fcnden beri Ermenistan&#8217;\u0131n Suriye&#8217;nin birlik ve egemenli\u011fini koruma hakk\u0131n\u0131 ve Suriye halk\u0131n\u0131n kendi kaderini tayin hakk\u0131n\u0131 savundu\u011funu ve kendisini hedef alan ter\u00f6r\u00fc k\u0131nad\u0131\u011f\u0131n\u0131 s\u00f6yledi.<\/p>\n<p style=\"text-align: justify;\">Bakan Mirzoyan, \u00fclkesinin Suriye Halk Meclisi&#8217;nin Ermeni Soyk\u0131r\u0131m\u0131&#8217;n\u0131 tan\u0131mas\u0131na ve resmen k\u0131namas\u0131na b\u00fcy\u00fck \u00f6nem verdi\u011fini, bunun Ermeni ve Suriye halklar\u0131n\u0131n dayan\u0131\u015fmas\u0131n\u0131n bir ba\u015fka kan\u0131t\u0131 haline geldi\u011fini de s\u00f6zlerine ekledi.<\/p>\n<p style=\"text-align: justify;\">Bakan, mesaj\u0131n\u0131 \u00fclkesinin Ermeni-Suriye ili\u015fkilerini g\u00fc\u00e7lendirme ve hem halklar\u0131n hem de \u00fclkelerin \u00e7\u0131karlar\u0131 do\u011frultusunda ilerletme konusundaki isteklili\u011fini vurgulayarak sonland\u0131rd\u0131.<\/p>\n","protected":false},"excerpt":{"rendered":"<p>\u015eAM &#8211; D\u0131\u015fi\u015fleri ve Gurbet\u00e7iler Bakan\u0131 Dr. Faysal Mikdad, Suriye ve Ermenistan aras\u0131ndaki dostane ili\u015fkilerin iki \u00fclke aras\u0131ndaki ortak \u00e7\u0131karlara hizmet etmek i\u00e7in her alanda b\u00fcy\u00fcyen bir geli\u015fmeye tan\u0131k oldu\u011funu belirtti. Ermeni mevkida\u015f\u0131 Ararat Mirzoyan ile iki \u00fclke aras\u0131nda diplomatik ili\u015fkilerin kurulmas\u0131n\u0131n otuzuncu y\u0131ld\u00f6n\u00fcm\u00fc vesilesiyle bir kutlama mesaj\u0131 al\u0131\u015fveri\u015finde bulunan Mikdad, dost Ermenistan h\u00fck\u00fcmetine ve &hellip;<\/p>\n","protected":false},"author":1,"featured_media":250910,"comment_status":"closed","ping_status":"closed","sticky":false,"template":"","format":"standard","meta":{"footnotes":""},"categories":[479,17988,478],"tags":[],"class_list":["post-250909","post","type-post","status-publish","format-standard","has-post-thumbnail","","category-haberler-yerel","category-son-haberler","category-yerel"],"_links":{"self":[{"href":"https:\/\/archive.sana.sy\/tr\/index.php?rest_route=\/wp\/v2\/posts\/250909","targetHints":{"allow":["GET"]}}],"collection":[{"href":"https:\/\/archive.sana.sy\/tr\/index.php?rest_route=\/wp\/v2\/posts"}],"about":[{"href":"https:\/\/archive.sana.sy\/tr\/index.php?rest_route=\/wp\/v2\/types\/post"}],"author":[{"embeddable":true,"href":"https:\/\/archive.sana.sy\/tr\/index.php?rest_route=\/wp\/v2\/users\/1"}],"replies":[{"embeddable":true,"href":"https:\/\/archive.sana.sy\/tr\/index.php?rest_route=%2Fwp%2Fv2%2Fcomments&post=250909"}],"version-history":[{"count":0,"href":"https:\/\/archive.sana.sy\/tr\/index.php?rest_route=\/wp\/v2\/posts\/250909\/revisions"}],"wp:featuredmedia":[{"embeddable":true,"href":"https:\/\/archive.sana.sy\/tr\/index.php?rest_route=\/wp\/v2\/media\/250910"}],"wp:attachment":[{"href":"https:\/\/archive.sana.sy\/tr\/index.php?rest_route=%2Fwp%2Fv2%2Fmedia&parent=250909"}],"wp:term":[{"taxonomy":"category","embeddable":true,"href":"https:\/\/archive.sana.sy\/tr\/index.php?rest_route=%2Fwp%2Fv2%2Fcategories&post=250909"},{"taxonomy":"post_tag","embeddable":true,"href":"https:\/\/archive.sana.sy\/tr\/index.php?rest_route=%2Fwp%2Fv2%2Ftags&post=250909"}],"curies":[{"name":"wp","href":"https:\/\/api.w.org\/{rel}","templated":true}]}}