{"id":250912,"date":"2022-03-06T14:47:42","date_gmt":"2022-03-06T12:47:42","guid":{"rendered":"http:\/\/107.6.182.27\/tr\/?p=250912"},"modified":"2022-03-07T08:38:05","modified_gmt":"2022-03-07T06:38:05","slug":"dsg-milisleri-bazi-sivilleri-kacirarak-evlerini-yakti","status":"publish","type":"post","link":"https:\/\/archive.sana.sy\/tr\/?p=250912","title":{"rendered":"DSG Milisleri Baz\u0131 Sivilleri Ka\u00e7\u0131rarak Evlerini Yakt\u0131"},"content":{"rendered":"<p style=\"text-align: justify;\">DEYREZZOR \u2013 Amerikan kuvvetlerince destekli DSGmililseri Suriye&#8217;nin el Cezire b\u00f6lgesinde elinde bulundurdu\u011fu k\u00f6y ve belde sakinlerine kar\u015f\u0131 su\u00e7 eylemlerini s\u00fcrd\u00fcr\u00fcrken bug\u00fcn, Deyrezzor do\u011fu k\u0131rsal\u0131ndaki El Ki\u015fkiyye ve Abu Hamam beldelerien bask\u0131n d\u00fczenleyerek baz\u0131 vatanda\u015flar\u0131 ka\u00e7\u0131rd\u0131 ve baz\u0131 evleri yakt\u0131.<\/p>\n<p style=\"text-align: justify;\">Yerel kaynaklar SANA muhabirine a\u00e7\u0131klamalar\u0131nda, DSG mililserine ba\u011fl\u0131 gruplar\u0131n soka\u011fa \u00e7\u0131kma yasa\u011f\u0131 ilan ettikten ve dahilinde silahl\u0131 arama noktalar\u0131 kurduktan sonra s\u00f6z konusu beldelerdeki baz\u0131 evlere uzanan bask\u0131nlar d\u00fczenlediklerini, bununla birlikte interneti keserek baz\u0131 sivilleri ka\u00e7\u0131rd\u0131klar\u0131n\u0131 ve bilinmeyen bir yere g\u00f6t\u00fcrd\u00fcklerini s\u00f6yledi.<\/p>\n<p style=\"text-align: justify;\">Kaynaklar, milislerin d\u00fczenledikleri bask\u0131n hamleleriyle birlikte vatanda\u015flar\u0131n evlerine uzanan sald\u0131r\u0131 ve sabotaj eylemleri e\u015flik etti\u011fini ayr\u0131ca, m\u00fclkiyeti El \u015eu&#8217;aytat a\u015firetine ait baz\u0131 evleri yakt\u0131klar\u0131na dikkati \u00e7ekti.<\/p>\n","protected":false},"excerpt":{"rendered":"<p>DEYREZZOR \u2013 Amerikan kuvvetlerince destekli DSGmililseri Suriye&#8217;nin el Cezire b\u00f6lgesinde elinde bulundurdu\u011fu k\u00f6y ve belde sakinlerine kar\u015f\u0131 su\u00e7 eylemlerini s\u00fcrd\u00fcr\u00fcrken bug\u00fcn, Deyrezzor do\u011fu k\u0131rsal\u0131ndaki El Ki\u015fkiyye ve Abu Hamam beldelerien bask\u0131n d\u00fczenleyerek baz\u0131 vatanda\u015flar\u0131 ka\u00e7\u0131rd\u0131 ve baz\u0131 evleri yakt\u0131. Yerel kaynaklar SANA muhabirine a\u00e7\u0131klamalar\u0131nda, DSG mililserine ba\u011fl\u0131 gruplar\u0131n soka\u011fa \u00e7\u0131kma yasa\u011f\u0131 ilan ettikten ve dahilinde &hellip;<\/p>\n","protected":false},"author":1,"featured_media":250913,"comment_status":"closed","ping_status":"closed","sticky":false,"template":"","format":"standard","meta":{"footnotes":""},"categories":[479,575,17988,478],"tags":[],"class_list":["post-250912","post","type-post","status-publish","format-standard","has-post-thumbnail","","category-haberler-yerel","category-olaylar-ve-gercekler","category-son-haberler","category-yerel"],"_links":{"self":[{"href":"https:\/\/archive.sana.sy\/tr\/index.php?rest_route=\/wp\/v2\/posts\/250912","targetHints":{"allow":["GET"]}}],"collection":[{"href":"https:\/\/archive.sana.sy\/tr\/index.php?rest_route=\/wp\/v2\/posts"}],"about":[{"href":"https:\/\/archive.sana.sy\/tr\/index.php?rest_route=\/wp\/v2\/types\/post"}],"author":[{"embeddable":true,"href":"https:\/\/archive.sana.sy\/tr\/index.php?rest_route=\/wp\/v2\/users\/1"}],"replies":[{"embeddable":true,"href":"https:\/\/archive.sana.sy\/tr\/index.php?rest_route=%2Fwp%2Fv2%2Fcomments&post=250912"}],"version-history":[{"count":0,"href":"https:\/\/archive.sana.sy\/tr\/index.php?rest_route=\/wp\/v2\/posts\/250912\/revisions"}],"wp:featuredmedia":[{"embeddable":true,"href":"https:\/\/archive.sana.sy\/tr\/index.php?rest_route=\/wp\/v2\/media\/250913"}],"wp:attachment":[{"href":"https:\/\/archive.sana.sy\/tr\/index.php?rest_route=%2Fwp%2Fv2%2Fmedia&parent=250912"}],"wp:term":[{"taxonomy":"category","embeddable":true,"href":"https:\/\/archive.sana.sy\/tr\/index.php?rest_route=%2Fwp%2Fv2%2Fcategories&post=250912"},{"taxonomy":"post_tag","embeddable":true,"href":"https:\/\/archive.sana.sy\/tr\/index.php?rest_route=%2Fwp%2Fv2%2Ftags&post=250912"}],"curies":[{"name":"wp","href":"https:\/\/api.w.org\/{rel}","templated":true}]}}