{"id":250915,"date":"2022-03-06T14:50:17","date_gmt":"2022-03-06T12:50:17","guid":{"rendered":"http:\/\/107.6.182.27\/tr\/?p=250915"},"modified":"2022-03-07T08:58:50","modified_gmt":"2022-03-07T06:58:50","slug":"saglik-bakanligi-cocuk-felcine-karsi-2020-yili-ilk-ulusal-asi-kampanyasini-baslatti","status":"publish","type":"post","link":"https:\/\/archive.sana.sy\/tr\/?p=250915","title":{"rendered":"Sa\u011fl\u0131k Bakanl\u0131\u011f\u0131, \u00c7ocuk Felcine Kar\u015f\u0131 2020 Y\u0131l\u0131 \u0130lk Ulusal A\u015f\u0131 Kampanyas\u0131n\u0131 Ba\u015flatt\u0131"},"content":{"rendered":"<p style=\"text-align: justify;\">\u015eAM &#8211; Sa\u011fl\u0131k Bakanl\u0131\u011f\u0131 bug\u00fcn, 2022 y\u0131l\u0131nda, 5 ya\u015f alt\u0131 t\u00fcm \u00e7ocuklar\u0131 ge\u00e7mi\u015f a\u015f\u0131lara bak\u0131lmaks\u0131z\u0131n a\u015f\u0131lamak i\u00e7in 1. Ulusal \u00c7ocuk Felci A\u015f\u0131s\u0131 Kampanyas\u0131n\u0131 ba\u015flatt\u0131.<\/p>\n<p style=\"text-align: justify;\">Bu ay\u0131n 10&#8217;una kadar s\u00fcrecek kampanya, farkl\u0131 illerde 977 sa\u011fl\u0131k merkezi ve 2.450 gezici ekiple 2,7 milyon \u00e7ocu\u011fu \u00f6nleyici tedbirler alarak koronavir\u00fcse kar\u015f\u0131 a\u015f\u0131lamay\u0131 hedefliyor.<\/p>\n<p style=\"text-align: justify;\">\u015eam sa\u011fl\u0131k m\u00fcd\u00fcr\u00fc Dr. Muhammed Samir \u015eahrur&#8217;a g\u00f6re, kampanya \u015eam&#8217;da 39 klinikte ve yakla\u015f\u0131k 88 gezici ekiple 195.000 \u00e7ocu\u011fu a\u015f\u0131lamay\u0131 hedefledi\u011fini s\u00f6yledi.<\/p>\n<p style=\"text-align: justify;\">Dr. \u015eahrur, a\u015f\u0131n\u0131n g\u00fcvenli, etkili ve D\u00fcnya Sa\u011fl\u0131k \u00d6rg\u00fct\u00fc \u201cWHO\u201d taraf\u0131ndan tavsiye edildi\u011fini belirtti.<\/p>\n<p style=\"text-align: justify;\">\u015eam K\u0131rsal\u0131 ilinde 149 sa\u011fl\u0131k merkezi ve 877 gezici ekiple 324 bin \u00e7ocu\u011fun a\u015f\u0131lanmas\u0131n\u0131 hedefliyor.<\/p>\n<p style=\"text-align: justify;\">Halep&#8217;te Sa\u011fl\u0131k Bakan\u0131 Yard\u0131mc\u0131s\u0131 Ahmet Dumayriyye \u00e7ocuk felci a\u015f\u0131s\u0131 kampanyas\u0131n\u0131 ba\u015flatt\u0131klar\u0131n\u0131, t\u00fcm illerde ba\u015flayan kampanya yoluyla \u00e7ocuklar\u0131n direncini art\u0131rmay\u0131 hedeflediklerini s\u00f6yledi.<\/p>\n<p style=\"text-align: justify;\">Halep&#8217;te 65 sa\u011fl\u0131k merkezi, 42&#8217;si \u015fehir dahilinde 63&#8217;\u00fc de haricinde olmak \u00fczere 105 gezici ekiple 338753 \u00e7ocu\u011fu a\u015f\u0131lamay\u0131 hedefliyor.<\/p>\n<p style=\"text-align: justify;\">Haseke&#8217;de de, 43 sa\u011fl\u0131k merkezi ve 60 gezici ekip ve 647 sa\u011fl\u0131k m\u00fcd\u00fcrl\u00fc\u011f\u00fc \u00e7al\u0131\u015fan\u0131n\u0131n kat\u0131l\u0131m\u0131yla 12260 \u00e7ocu\u011fun a\u015f\u0131lanmas\u0131 hedefleniyor.<\/p>\n<p style=\"text-align: justify;\">Dera&#8217;da da a\u015f\u0131 operasyonu yetkilisi Ecved Mahamid SANA muhabirine, 83 sa\u011fl\u0131k merkezi, 40 sa\u011fl\u0131k noktas\u0131 ve 30 gezici ekip kanal\u0131yla 135572 \u00e7ocu\u011fun a\u015f\u0131lanmas\u0131n\u0131n hedeflendi\u011fini, kampanyada 550 \u00e7al\u0131\u015fan\u0131n kat\u0131ld\u0131\u011f\u0131n\u0131 ve bunlar\u0131n a\u015f\u0131lar\u0131 merkezlere sa\u011flad\u0131klar\u0131n\u0131 ifade etti.<\/p>\n<p style=\"text-align: justify;\">Hama&#8217;da ise Sa\u011fl\u0131k M\u00fcd\u00fcr\u00fc Cihat Abura&#8217;ya g\u00f6re, 131 sa\u011fl\u0131k merkezi, 47 gezici ekip ve il geneline yay\u0131lm\u0131\u015f 13 sa\u011fl\u0131k noktas\u0131n\u0131n kat\u0131l\u0131m\u0131yla 273693 \u00e7ocu\u011fun a\u015f\u0131lanmas\u0131n\u0131n hedeflendi\u011fine dikkat \u00e7ekti.<\/p>\n","protected":false},"excerpt":{"rendered":"<p>\u015eAM &#8211; Sa\u011fl\u0131k Bakanl\u0131\u011f\u0131 bug\u00fcn, 2022 y\u0131l\u0131nda, 5 ya\u015f alt\u0131 t\u00fcm \u00e7ocuklar\u0131 ge\u00e7mi\u015f a\u015f\u0131lara bak\u0131lmaks\u0131z\u0131n a\u015f\u0131lamak i\u00e7in 1. Ulusal \u00c7ocuk Felci A\u015f\u0131s\u0131 Kampanyas\u0131n\u0131 ba\u015flatt\u0131. Bu ay\u0131n 10&#8217;una kadar s\u00fcrecek kampanya, farkl\u0131 illerde 977 sa\u011fl\u0131k merkezi ve 2.450 gezici ekiple 2,7 milyon \u00e7ocu\u011fu \u00f6nleyici tedbirler alarak koronavir\u00fcse kar\u015f\u0131 a\u015f\u0131lamay\u0131 hedefliyor. \u015eam sa\u011fl\u0131k m\u00fcd\u00fcr\u00fc Dr. Muhammed Samir &hellip;<\/p>\n","protected":false},"author":1,"featured_media":250916,"comment_status":"closed","ping_status":"closed","sticky":false,"template":"","format":"standard","meta":{"footnotes":""},"categories":[526,479,17988,525,478],"tags":[],"class_list":["post-250915","post","type-post","status-publish","format-standard","has-post-thumbnail","","category-haber-ve-raporlar","category-haberler-yerel","category-son-haberler","category-toplum","category-yerel"],"_links":{"self":[{"href":"https:\/\/archive.sana.sy\/tr\/index.php?rest_route=\/wp\/v2\/posts\/250915","targetHints":{"allow":["GET"]}}],"collection":[{"href":"https:\/\/archive.sana.sy\/tr\/index.php?rest_route=\/wp\/v2\/posts"}],"about":[{"href":"https:\/\/archive.sana.sy\/tr\/index.php?rest_route=\/wp\/v2\/types\/post"}],"author":[{"embeddable":true,"href":"https:\/\/archive.sana.sy\/tr\/index.php?rest_route=\/wp\/v2\/users\/1"}],"replies":[{"embeddable":true,"href":"https:\/\/archive.sana.sy\/tr\/index.php?rest_route=%2Fwp%2Fv2%2Fcomments&post=250915"}],"version-history":[{"count":0,"href":"https:\/\/archive.sana.sy\/tr\/index.php?rest_route=\/wp\/v2\/posts\/250915\/revisions"}],"wp:featuredmedia":[{"embeddable":true,"href":"https:\/\/archive.sana.sy\/tr\/index.php?rest_route=\/wp\/v2\/media\/250916"}],"wp:attachment":[{"href":"https:\/\/archive.sana.sy\/tr\/index.php?rest_route=%2Fwp%2Fv2%2Fmedia&parent=250915"}],"wp:term":[{"taxonomy":"category","embeddable":true,"href":"https:\/\/archive.sana.sy\/tr\/index.php?rest_route=%2Fwp%2Fv2%2Fcategories&post=250915"},{"taxonomy":"post_tag","embeddable":true,"href":"https:\/\/archive.sana.sy\/tr\/index.php?rest_route=%2Fwp%2Fv2%2Ftags&post=250915"}],"curies":[{"name":"wp","href":"https:\/\/api.w.org\/{rel}","templated":true}]}}