{"id":250918,"date":"2022-03-06T19:53:40","date_gmt":"2022-03-06T17:53:40","guid":{"rendered":"http:\/\/107.6.182.27\/tr\/?p=250918"},"modified":"2022-03-07T11:05:33","modified_gmt":"2022-03-07T09:05:33","slug":"iranin-meshed-ve-sam-arasindaki-ucuslarin-yeniden-baslamasi","status":"publish","type":"post","link":"https:\/\/archive.sana.sy\/tr\/?p=250918","title":{"rendered":"Me\u015fhed-\u015eam Seferleri Yeniden Ba\u015fl\u0131yor"},"content":{"rendered":"<p style=\"text-align: justify;\">TAHRAN\/\u015eAM \u2013 \u0130ran&#8217;\u0131n kuzeydo\u011fusundaki Horasan Razavi Eyaletindeki Uluslararas\u0131 Havalimanlar\u0131 Genel M\u00fcd\u00fcr\u00fc Mahmud Amani Bani, bug\u00fcn Pazar ak\u015fam\u0131 saat alt\u0131da Me\u015fhed ve \u015eam \u015fehirleri aras\u0131nda do\u011frudan bir u\u00e7u\u015fun ba\u015flad\u0131\u011f\u0131n\u0131 duyurdu.<\/p>\n<p style=\"text-align: justify;\">Amani Bani bug\u00fcn yapt\u0131\u011f\u0131 a\u00e7\u0131klamada, &#8220;\u015eu anda Me\u015fhed-\u015eam seyahatinin ve bunun tersinin sa\u011fl\u0131k protokollerini koruyarak haftada bir g\u00fcn devam etmesi planlan\u0131yor&#8221; diye ifade etti. Bu ba\u011flamda Aamni, \u201cyurt d\u0131\u015f\u0131 u\u00e7u\u015flar\u0131 i\u00e7in \u015fartlara i\u015faret eden ve yolcular\u0131n PCR test sonucu negatif ve a\u015f\u0131 kart\u0131 ibraz etmeleri gerekiyor\u201d ifadeleri ekledi.<\/p>\n<p style=\"text-align: justify;\">Sivil Havac\u0131l\u0131k Genel Te\u015fkilat\u0131 Hava Ula\u015ft\u0131rma Direkt\u00f6r\u00fc Fadi Cuneydi SANA\u2019ya yapt\u0131\u011f\u0131 a\u00e7\u0131klamada ise, Suriye Sivil Havac\u0131l\u0131k Genel Te\u015fkilat\u0131 ile \u0130ran havac\u0131l\u0131\u011f\u0131 aras\u0131nda her iki taraf\u0131n haftada 60 u\u00e7u\u015f ger\u00e7ekle\u015ftirmesine ve iki \u00fclkenin havaalanlar\u0131 kullanmas\u0131na izin veren bir mutabakat zapt\u0131 imzaland\u0131\u011f\u0131n\u0131 s\u00f6yledi.<\/p>\n<p style=\"text-align: justify;\">P.M.<\/p>\n","protected":false},"excerpt":{"rendered":"<p>TAHRAN\/\u015eAM \u2013 \u0130ran&#8217;\u0131n kuzeydo\u011fusundaki Horasan Razavi Eyaletindeki Uluslararas\u0131 Havalimanlar\u0131 Genel M\u00fcd\u00fcr\u00fc Mahmud Amani Bani, bug\u00fcn Pazar ak\u015fam\u0131 saat alt\u0131da Me\u015fhed ve \u015eam \u015fehirleri aras\u0131nda do\u011frudan bir u\u00e7u\u015fun ba\u015flad\u0131\u011f\u0131n\u0131 duyurdu. Amani Bani bug\u00fcn yapt\u0131\u011f\u0131 a\u00e7\u0131klamada, &#8220;\u015eu anda Me\u015fhed-\u015eam seyahatinin ve bunun tersinin sa\u011fl\u0131k protokollerini koruyarak haftada bir g\u00fcn devam etmesi planlan\u0131yor&#8221; diye ifade etti. Bu ba\u011flamda &hellip;<\/p>\n","protected":false},"author":1,"featured_media":250919,"comment_status":"closed","ping_status":"closed","sticky":false,"template":"","format":"standard","meta":{"footnotes":""},"categories":[458,459,17988],"tags":[],"class_list":["post-250918","post","type-post","status-publish","format-standard","has-post-thumbnail","","category-dunya1","category-haberler-arap-uluslararasi-politika","category-son-haberler"],"_links":{"self":[{"href":"https:\/\/archive.sana.sy\/tr\/index.php?rest_route=\/wp\/v2\/posts\/250918","targetHints":{"allow":["GET"]}}],"collection":[{"href":"https:\/\/archive.sana.sy\/tr\/index.php?rest_route=\/wp\/v2\/posts"}],"about":[{"href":"https:\/\/archive.sana.sy\/tr\/index.php?rest_route=\/wp\/v2\/types\/post"}],"author":[{"embeddable":true,"href":"https:\/\/archive.sana.sy\/tr\/index.php?rest_route=\/wp\/v2\/users\/1"}],"replies":[{"embeddable":true,"href":"https:\/\/archive.sana.sy\/tr\/index.php?rest_route=%2Fwp%2Fv2%2Fcomments&post=250918"}],"version-history":[{"count":0,"href":"https:\/\/archive.sana.sy\/tr\/index.php?rest_route=\/wp\/v2\/posts\/250918\/revisions"}],"wp:featuredmedia":[{"embeddable":true,"href":"https:\/\/archive.sana.sy\/tr\/index.php?rest_route=\/wp\/v2\/media\/250919"}],"wp:attachment":[{"href":"https:\/\/archive.sana.sy\/tr\/index.php?rest_route=%2Fwp%2Fv2%2Fmedia&parent=250918"}],"wp:term":[{"taxonomy":"category","embeddable":true,"href":"https:\/\/archive.sana.sy\/tr\/index.php?rest_route=%2Fwp%2Fv2%2Fcategories&post=250918"},{"taxonomy":"post_tag","embeddable":true,"href":"https:\/\/archive.sana.sy\/tr\/index.php?rest_route=%2Fwp%2Fv2%2Ftags&post=250918"}],"curies":[{"name":"wp","href":"https:\/\/api.w.org\/{rel}","templated":true}]}}