{"id":250921,"date":"2022-03-06T19:55:16","date_gmt":"2022-03-06T17:55:16","guid":{"rendered":"http:\/\/107.6.182.27\/tr\/?p=250921"},"modified":"2022-03-07T11:07:34","modified_gmt":"2022-03-07T09:07:34","slug":"putinden-makrona-rusyanin-taleplerinin-kosulsuz-olarak-uygulanmasi-durumunda-rusya-ukrayna-ile-diyaloga-hazirdir","status":"publish","type":"post","link":"https:\/\/archive.sana.sy\/tr\/?p=250921","title":{"rendered":"Putin Makron&#8217;a: Rusya Taleplerinin Ko\u015fulsuz Olarak Uygulanmas\u0131 Durumunda, Ukrayna \u0130le Diyalo\u011fa Haz\u0131rd\u0131r"},"content":{"rendered":"<p style=\"text-align: justify;\">MOSKOVA \u2013 Rusya Ba\u015fkan\u0131 Vladimir Putin, Fransa Ba\u015fkan\u0131 Emmanuel Makron ile bulundu\u011fu telefon g\u00f6r\u00fc\u015fmesinde, Rusya&#8217;n\u0131n bilinen taleplerinin ko\u015fulsuz olarak uygulanmas\u0131 durumunda \u00fclkesinin Ukrayna ile diyaloga haz\u0131r oldu\u011funu teyit etti.<\/p>\n<p style=\"text-align: justify;\">Kremlin&#8217;den bug\u00fcn yay\u0131nlanan beyanda, Putin&#8217;in Makron&#8217;a Ukrayna topraklar\u0131ndaki n\u00fckleer santrallerle ilgili ya\u015fananlar\u0131n ger\u00e7e\u011fini a\u00e7\u0131klad\u0131\u011f\u0131n\u0131 ve Ukraynal\u0131 militanlar\u0131n bir sabotaj grubunun kat\u0131l\u0131m\u0131yla Zaporozhye&#8217;deki n\u00fckleer santral\u0131nda provokasyon yapt\u0131klar\u0131na i\u015faret edildi\u011fi belirtildi.<\/p>\n<p style=\"text-align: justify;\">Beyanda, Putin&#8217;in \u00e7a\u011fr\u0131 s\u0131ras\u0131nda Rus ordusunu bu olaydan sorumlu tutma giri\u015fimlerinin \u00fclkesine y\u00f6nelik propaganda kampanyas\u0131n\u0131n bir par\u00e7as\u0131 oldu\u011funu teyit etti\u011fini ve Rus kuvvetlerinin, Ukrayna muhaf\u0131z birli\u011fi ve kadrolar\u0131 ile i\u015fbirli\u011fi i\u00e7inde, istasyonun normal bir \u015fekilde \u00e7al\u0131\u015fmas\u0131n\u0131 sa\u011flamaya devam ettiklerini belirtti\u011fine i\u015faret edildi.<\/p>\n<p style=\"text-align: justify;\">Beyan Putin&#8217;in, Ukraynal\u0131 neo-Naziler ve ter\u00f6ristler taraf\u0131ndan feci sonu\u00e7larla dolu provokasyonlar d\u00fczenleme olas\u0131l\u0131\u011f\u0131n\u0131 d\u0131\u015flamak i\u00e7in Rus silahl\u0131 kuvvetlerinin \u00c7ernobil n\u00fckleer santralini de kontrol etti\u011fini belirtti\u011fini s\u00f6yledi.<\/p>\n<p style=\"text-align: justify;\">Beyana g\u00f6re, Putin, Uluslararas\u0131 Atom Enerjisi Ajans\u0131 Genel M\u00fcd\u00fcr\u00fc Rafael Grossi&#8217;nin, Uluslararas\u0131 Atom Enerjisi Ajans\u0131, Rusya ve Ukrayna aras\u0131nda \u00c7ernobil b\u00f6lgesinde Ukrayna&#8217;daki n\u00fckleer tesislerin g\u00fcvenli\u011fi konulu \u00fc\u00e7l\u00fc bir toplant\u0131 d\u00fczenlenmesine ili\u015fkin teklifi memnuniyetle kar\u015f\u0131lad\u0131.<\/p>\n<p style=\"text-align: justify;\">\u00c7at\u0131\u015fma b\u00f6lgelerindeki sivillerin tahliyesi konular\u0131na ili\u015fkin olarak Putin, Kiev&#8217;in bu insani konuda var\u0131lan anla\u015fmalar\u0131 yerine getirmemeye devam etti\u011fini vurgulad\u0131.<\/p>\n<p style=\"text-align: justify;\">P.M.<\/p>\n","protected":false},"excerpt":{"rendered":"<p>MOSKOVA \u2013 Rusya Ba\u015fkan\u0131 Vladimir Putin, Fransa Ba\u015fkan\u0131 Emmanuel Makron ile bulundu\u011fu telefon g\u00f6r\u00fc\u015fmesinde, Rusya&#8217;n\u0131n bilinen taleplerinin ko\u015fulsuz olarak uygulanmas\u0131 durumunda \u00fclkesinin Ukrayna ile diyaloga haz\u0131r oldu\u011funu teyit etti. Kremlin&#8217;den bug\u00fcn yay\u0131nlanan beyanda, Putin&#8217;in Makron&#8217;a Ukrayna topraklar\u0131ndaki n\u00fckleer santrallerle ilgili ya\u015fananlar\u0131n ger\u00e7e\u011fini a\u00e7\u0131klad\u0131\u011f\u0131n\u0131 ve Ukraynal\u0131 militanlar\u0131n bir sabotaj grubunun kat\u0131l\u0131m\u0131yla Zaporozhye&#8217;deki n\u00fckleer santral\u0131nda provokasyon yapt\u0131klar\u0131na &hellip;<\/p>\n","protected":false},"author":1,"featured_media":250922,"comment_status":"closed","ping_status":"closed","sticky":false,"template":"","format":"standard","meta":{"footnotes":""},"categories":[458,459,17988],"tags":[],"class_list":["post-250921","post","type-post","status-publish","format-standard","has-post-thumbnail","","category-dunya1","category-haberler-arap-uluslararasi-politika","category-son-haberler"],"_links":{"self":[{"href":"https:\/\/archive.sana.sy\/tr\/index.php?rest_route=\/wp\/v2\/posts\/250921","targetHints":{"allow":["GET"]}}],"collection":[{"href":"https:\/\/archive.sana.sy\/tr\/index.php?rest_route=\/wp\/v2\/posts"}],"about":[{"href":"https:\/\/archive.sana.sy\/tr\/index.php?rest_route=\/wp\/v2\/types\/post"}],"author":[{"embeddable":true,"href":"https:\/\/archive.sana.sy\/tr\/index.php?rest_route=\/wp\/v2\/users\/1"}],"replies":[{"embeddable":true,"href":"https:\/\/archive.sana.sy\/tr\/index.php?rest_route=%2Fwp%2Fv2%2Fcomments&post=250921"}],"version-history":[{"count":0,"href":"https:\/\/archive.sana.sy\/tr\/index.php?rest_route=\/wp\/v2\/posts\/250921\/revisions"}],"wp:featuredmedia":[{"embeddable":true,"href":"https:\/\/archive.sana.sy\/tr\/index.php?rest_route=\/wp\/v2\/media\/250922"}],"wp:attachment":[{"href":"https:\/\/archive.sana.sy\/tr\/index.php?rest_route=%2Fwp%2Fv2%2Fmedia&parent=250921"}],"wp:term":[{"taxonomy":"category","embeddable":true,"href":"https:\/\/archive.sana.sy\/tr\/index.php?rest_route=%2Fwp%2Fv2%2Fcategories&post=250921"},{"taxonomy":"post_tag","embeddable":true,"href":"https:\/\/archive.sana.sy\/tr\/index.php?rest_route=%2Fwp%2Fv2%2Ftags&post=250921"}],"curies":[{"name":"wp","href":"https:\/\/api.w.org\/{rel}","templated":true}]}}