{"id":250924,"date":"2022-03-06T20:00:25","date_gmt":"2022-03-06T18:00:25","guid":{"rendered":"http:\/\/107.6.182.27\/tr\/?p=250924"},"modified":"2022-03-07T11:08:52","modified_gmt":"2022-03-07T09:08:52","slug":"ikili-iliskileri-guclendirmeye-yonelik-suriye-ermeni-gorusmeleri","status":"publish","type":"post","link":"https:\/\/archive.sana.sy\/tr\/?p=250924","title":{"rendered":"\u0130kili \u0130li\u015fkilerin Peki\u015ftirilmesinde Suriye-Ermeni G\u00f6r\u00fc\u015fmeleri"},"content":{"rendered":"<p style=\"text-align: justify;\">\u015eAM \u2013 Halk Meclisi Suriye-Ermeni Dostluk Komitesi bug\u00fcn Ermenistan Cumhuriyeti \u015eam B\u00fcy\u00fckel\u00e7isi Dikran Kevorkian ile Suriye ve Ermenistan aras\u0131nda diplomatik ili\u015fkilerin kurulmas\u0131n\u0131n otuzuncu y\u0131ld\u00f6n\u00fcm\u00fc vesilesiyle ikili ili\u015fkileri geli\u015ftirmenin yollar\u0131n\u0131 g\u00f6r\u00fc\u015ft\u00fc.<\/p>\n<p style=\"text-align: justify;\">Halk Meclisi\u2019nde yap\u0131lan g\u00f6r\u00fc\u015fme s\u0131ras\u0131nda Komite Ba\u015fkan\u0131 Lusi \u0130sgenian, iki dost \u00fclkenin halklar\u0131n\u0131n ortak \u00e7\u0131karlar\u0131na hizmet etmek i\u00e7in bu ili\u015fkileri her d\u00fczeyde daha da geli\u015ftirmek i\u00e7in \u00e7al\u0131\u015fman\u0131n \u00f6nemini vurgulad\u0131. \u00d6te yandan komite \u00fcyeleri, uluslararas\u0131 forumlarda Ermenistan&#8217;\u0131n Suriye&#8217;ye y\u00f6nelik onurlu duru\u015funu \u00f6vd\u00fcler ve iki \u00fclke aras\u0131ndaki k\u00fclt\u00fcrel ileti\u015fimi geli\u015ftirmek i\u00e7in Suriye&#8217;de bir Ermeni k\u00fclt\u00fcr merkezi kurulmas\u0131n\u0131 \u00f6nerdiler.<\/p>\n<p style=\"text-align: justify;\">Buna kar\u015f\u0131l\u0131k B\u00fcy\u00fckel\u00e7i Kevorkian, \u00fclkesinin Suriye ile her alanda ili\u015fkileri geli\u015ftirme arzusunu dile getirerek, Ermenistan&#8217;\u0131n uluslararas\u0131 forumlarda Suriye&#8217;ye verdi\u011fi deste\u011fi ve etkilenen b\u00f6lgelerin Birle\u015fmi\u015f Milletler ile koordineli olarak rehabilitasyonuna katk\u0131da bulunarak yeniden yap\u0131lanma s\u00fcrecine kat\u0131lmaya haz\u0131r oldu\u011funu vurgulad\u0131.<\/p>\n<p style=\"text-align: justify;\">P.M.<\/p>\n","protected":false},"excerpt":{"rendered":"<p>\u015eAM \u2013 Halk Meclisi Suriye-Ermeni Dostluk Komitesi bug\u00fcn Ermenistan Cumhuriyeti \u015eam B\u00fcy\u00fckel\u00e7isi Dikran Kevorkian ile Suriye ve Ermenistan aras\u0131nda diplomatik ili\u015fkilerin kurulmas\u0131n\u0131n otuzuncu y\u0131ld\u00f6n\u00fcm\u00fc vesilesiyle ikili ili\u015fkileri geli\u015ftirmenin yollar\u0131n\u0131 g\u00f6r\u00fc\u015ft\u00fc. Halk Meclisi\u2019nde yap\u0131lan g\u00f6r\u00fc\u015fme s\u0131ras\u0131nda Komite Ba\u015fkan\u0131 Lusi \u0130sgenian, iki dost \u00fclkenin halklar\u0131n\u0131n ortak \u00e7\u0131karlar\u0131na hizmet etmek i\u00e7in bu ili\u015fkileri her d\u00fczeyde daha da geli\u015ftirmek &hellip;<\/p>\n","protected":false},"author":1,"featured_media":250925,"comment_status":"closed","ping_status":"closed","sticky":false,"template":"","format":"standard","meta":{"footnotes":""},"categories":[479,17988,478],"tags":[],"class_list":["post-250924","post","type-post","status-publish","format-standard","has-post-thumbnail","","category-haberler-yerel","category-son-haberler","category-yerel"],"_links":{"self":[{"href":"https:\/\/archive.sana.sy\/tr\/index.php?rest_route=\/wp\/v2\/posts\/250924","targetHints":{"allow":["GET"]}}],"collection":[{"href":"https:\/\/archive.sana.sy\/tr\/index.php?rest_route=\/wp\/v2\/posts"}],"about":[{"href":"https:\/\/archive.sana.sy\/tr\/index.php?rest_route=\/wp\/v2\/types\/post"}],"author":[{"embeddable":true,"href":"https:\/\/archive.sana.sy\/tr\/index.php?rest_route=\/wp\/v2\/users\/1"}],"replies":[{"embeddable":true,"href":"https:\/\/archive.sana.sy\/tr\/index.php?rest_route=%2Fwp%2Fv2%2Fcomments&post=250924"}],"version-history":[{"count":0,"href":"https:\/\/archive.sana.sy\/tr\/index.php?rest_route=\/wp\/v2\/posts\/250924\/revisions"}],"wp:featuredmedia":[{"embeddable":true,"href":"https:\/\/archive.sana.sy\/tr\/index.php?rest_route=\/wp\/v2\/media\/250925"}],"wp:attachment":[{"href":"https:\/\/archive.sana.sy\/tr\/index.php?rest_route=%2Fwp%2Fv2%2Fmedia&parent=250924"}],"wp:term":[{"taxonomy":"category","embeddable":true,"href":"https:\/\/archive.sana.sy\/tr\/index.php?rest_route=%2Fwp%2Fv2%2Fcategories&post=250924"},{"taxonomy":"post_tag","embeddable":true,"href":"https:\/\/archive.sana.sy\/tr\/index.php?rest_route=%2Fwp%2Fv2%2Ftags&post=250924"}],"curies":[{"name":"wp","href":"https:\/\/api.w.org\/{rel}","templated":true}]}}