{"id":250927,"date":"2022-03-06T20:05:14","date_gmt":"2022-03-06T18:05:14","guid":{"rendered":"http:\/\/107.6.182.27\/tr\/?p=250927"},"modified":"2022-03-07T11:09:51","modified_gmt":"2022-03-07T09:09:51","slug":"tedmur-colunde-teror-saldirisinda-31-asker-sehit-oldu-ve-yaralandi","status":"publish","type":"post","link":"https:\/\/archive.sana.sy\/tr\/?p=250927","title":{"rendered":"Tedmur \u00c7\u00f6l\u00fcndeki Ter\u00f6r Sald\u0131r\u0131s\u0131nda 31 Asker \u015eehit Ve Yaral\u0131"},"content":{"rendered":"<p style=\"text-align: justify;\">HOMS &#8211; Homs k\u0131rsal\u0131ndaki Tedmur (Palmyra) \u00c7\u00f6l\u00fc&#8217;nde \u00fc\u00e7\u00fcnc\u00fc istasyonun do\u011fusunda bir askeri konaklama otob\u00fcs\u00fcne d\u00fczenlenen ter\u00f6r sald\u0131r\u0131s\u0131nda 13 asker \u015fehit oldu, 18 asker de yaraland\u0131.<\/p>\n<p style=\"text-align: justify;\">Askeri bir kaynak SANA&#8217;ya: &#8220;Bug\u00fcn \u00f6\u011fleden sonra saat 13.30 sular\u0131nda, \u00fc\u00e7\u00fcnc\u00fc istasyonun do\u011fusundaki Palmyra \u00e7\u00f6l\u00fcnde bir askeri konaklama otob\u00fcs\u00fcn\u00fcn, \u00e7e\u015fitli t\u00fcrlerde silahlarla ter\u00f6rist bir sald\u0131r\u0131ya u\u011frad\u0131\u011f\u0131n\u0131&#8221; s\u00f6yledi.<\/p>\n<p style=\"text-align: justify;\">Kaynak, ter\u00f6r sald\u0131r\u0131s\u0131n\u0131n baz\u0131 subaylar da dahil olmak \u00fczere 13 askerin \u00f6l\u00fcm\u00fcne ve 18 ki\u015finin de yaralanmas\u0131na yol a\u00e7t\u0131\u011f\u0131na dikkat \u00e7ekti.<\/p>\n","protected":false},"excerpt":{"rendered":"<p>HOMS &#8211; Homs k\u0131rsal\u0131ndaki Tedmur (Palmyra) \u00c7\u00f6l\u00fc&#8217;nde \u00fc\u00e7\u00fcnc\u00fc istasyonun do\u011fusunda bir askeri konaklama otob\u00fcs\u00fcne d\u00fczenlenen ter\u00f6r sald\u0131r\u0131s\u0131nda 13 asker \u015fehit oldu, 18 asker de yaraland\u0131. Askeri bir kaynak SANA&#8217;ya: &#8220;Bug\u00fcn \u00f6\u011fleden sonra saat 13.30 sular\u0131nda, \u00fc\u00e7\u00fcnc\u00fc istasyonun do\u011fusundaki Palmyra \u00e7\u00f6l\u00fcnde bir askeri konaklama otob\u00fcs\u00fcn\u00fcn, \u00e7e\u015fitli t\u00fcrlerde silahlarla ter\u00f6rist bir sald\u0131r\u0131ya u\u011frad\u0131\u011f\u0131n\u0131&#8221; s\u00f6yledi. Kaynak, ter\u00f6r sald\u0131r\u0131s\u0131n\u0131n &hellip;<\/p>\n","protected":false},"author":1,"featured_media":250928,"comment_status":"closed","ping_status":"closed","sticky":false,"template":"","format":"standard","meta":{"footnotes":""},"categories":[479,575,17988,478],"tags":[],"class_list":["post-250927","post","type-post","status-publish","format-standard","has-post-thumbnail","","category-haberler-yerel","category-olaylar-ve-gercekler","category-son-haberler","category-yerel"],"_links":{"self":[{"href":"https:\/\/archive.sana.sy\/tr\/index.php?rest_route=\/wp\/v2\/posts\/250927","targetHints":{"allow":["GET"]}}],"collection":[{"href":"https:\/\/archive.sana.sy\/tr\/index.php?rest_route=\/wp\/v2\/posts"}],"about":[{"href":"https:\/\/archive.sana.sy\/tr\/index.php?rest_route=\/wp\/v2\/types\/post"}],"author":[{"embeddable":true,"href":"https:\/\/archive.sana.sy\/tr\/index.php?rest_route=\/wp\/v2\/users\/1"}],"replies":[{"embeddable":true,"href":"https:\/\/archive.sana.sy\/tr\/index.php?rest_route=%2Fwp%2Fv2%2Fcomments&post=250927"}],"version-history":[{"count":0,"href":"https:\/\/archive.sana.sy\/tr\/index.php?rest_route=\/wp\/v2\/posts\/250927\/revisions"}],"wp:featuredmedia":[{"embeddable":true,"href":"https:\/\/archive.sana.sy\/tr\/index.php?rest_route=\/wp\/v2\/media\/250928"}],"wp:attachment":[{"href":"https:\/\/archive.sana.sy\/tr\/index.php?rest_route=%2Fwp%2Fv2%2Fmedia&parent=250927"}],"wp:term":[{"taxonomy":"category","embeddable":true,"href":"https:\/\/archive.sana.sy\/tr\/index.php?rest_route=%2Fwp%2Fv2%2Fcategories&post=250927"},{"taxonomy":"post_tag","embeddable":true,"href":"https:\/\/archive.sana.sy\/tr\/index.php?rest_route=%2Fwp%2Fv2%2Ftags&post=250927"}],"curies":[{"name":"wp","href":"https:\/\/api.w.org\/{rel}","templated":true}]}}