{"id":25093,"date":"2015-02-28T19:18:25","date_gmt":"2015-02-28T17:18:25","guid":{"rendered":"http:\/\/www.sana.sy\/tr\/?p=25093"},"modified":"2015-02-28T19:18:25","modified_gmt":"2015-02-28T17:18:25","slug":"ordu-ve-silahli-kuvvetler-genel-komutanligi-ordu-birliklerimizin-halk-savunma-gucleriyle-isbirligi-icinde-sam-kirsalinin-batisi-hebbariye-hurbat-sultana-ve-hamrit-beldelerinde-guvenlik-ve-kontrolu-sa","status":"publish","type":"post","link":"https:\/\/archive.sana.sy\/tr\/?p=25093","title":{"rendered":"Ordu ve silahl\u0131 kuvvetler genel komutanl\u0131\u011f\u0131 ordu birliklerimizin halk savunma g\u00fc\u00e7leriyle i\u015fbirli\u011fi i\u00e7inde \u015eam k\u0131rsal\u0131n\u0131n bat\u0131s\u0131 Hebbariye, Hurbat Sultana ve Hamrit beldelerinde g\u00fcvenlik ve kontrol\u00fc sa\u011flad\u0131klar\u0131n\u0131 belirtti."},"content":{"rendered":"<p>Ordu ve silahl\u0131 kuvvetler genel komutanl\u0131\u011f\u0131 ordu birliklerimizin halk savunma g\u00fc\u00e7leriyle i\u015fbirli\u011fi i\u00e7inde \u015eam k\u0131rsal\u0131n\u0131n bat\u0131s\u0131 Hebbariye, Hurbat Sultana ve Hamrit beldelerinde g\u00fcvenlik ve kontrol\u00fc sa\u011flad\u0131klar\u0131n\u0131 belirtti.<\/p>\n","protected":false},"excerpt":{"rendered":"<p>Ordu ve silahl\u0131 kuvvetler genel komutanl\u0131\u011f\u0131 ordu birliklerimizin halk savunma g\u00fc\u00e7leriyle i\u015fbirli\u011fi i\u00e7inde \u015eam k\u0131rsal\u0131n\u0131n bat\u0131s\u0131 Hebbariye, Hurbat Sultana ve Hamrit beldelerinde g\u00fcvenlik ve kontrol\u00fc sa\u011flad\u0131klar\u0131n\u0131 belirtti.<\/p>\n","protected":false},"author":1,"featured_media":0,"comment_status":"closed","ping_status":"closed","sticky":false,"template":"","format":"standard","meta":{"footnotes":""},"categories":[1],"tags":[11960,11959],"class_list":["post-25093","post","type-post","status-publish","format-standard","","category-news-not-sorted","tag-hurbat-sultana-ve-hamrit-beldelerinde-guvenlik-ve-kontrolu-sagladiklarini-belirtti","tag-ordu-ve-silahli-kuvvetler-genel-komutanligi-ordu-birliklerimizin-halk-savunma-gucleriyle-isbirligi-icinde-sam-kirsalinin-batisi-hebbariye"],"_links":{"self":[{"href":"https:\/\/archive.sana.sy\/tr\/index.php?rest_route=\/wp\/v2\/posts\/25093","targetHints":{"allow":["GET"]}}],"collection":[{"href":"https:\/\/archive.sana.sy\/tr\/index.php?rest_route=\/wp\/v2\/posts"}],"about":[{"href":"https:\/\/archive.sana.sy\/tr\/index.php?rest_route=\/wp\/v2\/types\/post"}],"author":[{"embeddable":true,"href":"https:\/\/archive.sana.sy\/tr\/index.php?rest_route=\/wp\/v2\/users\/1"}],"replies":[{"embeddable":true,"href":"https:\/\/archive.sana.sy\/tr\/index.php?rest_route=%2Fwp%2Fv2%2Fcomments&post=25093"}],"version-history":[{"count":0,"href":"https:\/\/archive.sana.sy\/tr\/index.php?rest_route=\/wp\/v2\/posts\/25093\/revisions"}],"wp:attachment":[{"href":"https:\/\/archive.sana.sy\/tr\/index.php?rest_route=%2Fwp%2Fv2%2Fmedia&parent=25093"}],"wp:term":[{"taxonomy":"category","embeddable":true,"href":"https:\/\/archive.sana.sy\/tr\/index.php?rest_route=%2Fwp%2Fv2%2Fcategories&post=25093"},{"taxonomy":"post_tag","embeddable":true,"href":"https:\/\/archive.sana.sy\/tr\/index.php?rest_route=%2Fwp%2Fv2%2Ftags&post=25093"}],"curies":[{"name":"wp","href":"https:\/\/api.w.org\/{rel}","templated":true}]}}