{"id":250930,"date":"2022-03-06T20:07:17","date_gmt":"2022-03-06T18:07:17","guid":{"rendered":"http:\/\/107.6.182.27\/tr\/?p=250930"},"modified":"2022-03-07T08:39:17","modified_gmt":"2022-03-07T06:39:17","slug":"suriye-ve-irak-ulastirma-ve-demiryolu-baglantisi-alaninda-isbirligini-gorustu","status":"publish","type":"post","link":"https:\/\/archive.sana.sy\/tr\/?p=250930","title":{"rendered":"Suriye ve Irak, Ula\u015ft\u0131rma ve Demiryolu Ba\u011flant\u0131s\u0131 Alan\u0131nda \u0130\u015fbirli\u011fini G\u00f6r\u00fc\u015ft\u00fc"},"content":{"rendered":"<p style=\"text-align: justify;\">\u015eAM \u2013 Ula\u015ft\u0131rma Bakan\u0131 Zuheyr Huzeym, Irak&#8217;\u0131n \u015eam B\u00fcy\u00fckel\u00e7ili\u011fi Maslahatg\u00fczar\u0131 Yassin \u015earif el Huceymi ve Irak Demiryollar\u0131 \u015eirketi Genel M\u00fcd\u00fcr\u00fc Talib Cevad Kazem ile iki \u00fclke aras\u0131nda demiryolu ta\u015f\u0131mac\u0131l\u0131\u011f\u0131 sekt\u00f6r\u00fcnde ortak i\u015fbirli\u011fini etkinle\u015ftirmenin yollar\u0131n\u0131 g\u00f6r\u00fc\u015ft\u00fc.<\/p>\n<p style=\"text-align: justify;\">G\u00f6r\u00fc\u015fmede, iki \u00fclke aras\u0131nda demiryolu ta\u015f\u0131mac\u0131l\u0131\u011f\u0131 ve transit konvoylar a\u00e7\u0131s\u0131ndan ticaret al\u0131\u015fveri\u015finin ufkunu a\u00e7an ortak bir i\u015fbirli\u011fi haritas\u0131 geli\u015ftirme yollar\u0131 ve bu i\u015fbirli\u011finin ula\u015f\u0131m ve kalk\u0131nma \u00fczerindeki ekonomik ve kalk\u0131nmaya etkileri ele al\u0131nd\u0131. Sava\u015f\u0131n etkisi ve zorlay\u0131c\u0131 ekonomik \u00f6nlemlerin Suriye&#8217;deki demiryolu sekt\u00f6r\u00fc \u00fczerindeki yans\u0131malar\u0131 da g\u00f6zden ge\u00e7irildi.<\/p>\n<p style=\"text-align: justify;\">Bu ba\u011flamda ayr\u0131ca, iki \u00fclke aras\u0131ndaki ikili ili\u015fkilerin g\u00fc\u00e7lendirilmesine ve geli\u015ftirilmesine hizmet edecek ortak bir form\u00fcle ula\u015fmak i\u00e7in ba\u015fta teknik olmak \u00fczere iki taraf aras\u0131ndaki g\u00f6r\u00fc\u015fmelerin devam etmesine karar verildi.<\/p>\n<p style=\"text-align: justify;\">Suriye Demiryollar\u0131 Genel \u015eirketi m\u00fcd\u00fcr\u00fc Necib Fares SANA\u2019ya yapt\u0131\u011f\u0131 a\u00e7\u0131klamada, bu toplant\u0131n\u0131n demiryolu ba\u011flant\u0131s\u0131 ve iki \u00fclkede her iki a\u011f taraf\u0131ndan benimsenmesi gereken birle\u015fik \u015fartnameler konusunda tamamen teknik olarak uzmanla\u015fm\u0131\u015f oldu\u011funu s\u00f6yledi.<\/p>\n<p style=\"text-align: justify;\">Fares ayr\u0131ca, demiryolu ba\u011flant\u0131 eksenleri i\u00e7in gelecekteki, icrac\u0131 olmayan \u00e7al\u0131\u015fmalar\u0131n geli\u015ftirilmesi konusunda mutab\u0131k kal\u0131nd\u0131\u011f\u0131n\u0131 belirtti.<\/p>\n<p style=\"text-align: justify;\">P.M.<\/p>\n","protected":false},"excerpt":{"rendered":"<p>\u015eAM \u2013 Ula\u015ft\u0131rma Bakan\u0131 Zuheyr Huzeym, Irak&#8217;\u0131n \u015eam B\u00fcy\u00fckel\u00e7ili\u011fi Maslahatg\u00fczar\u0131 Yassin \u015earif el Huceymi ve Irak Demiryollar\u0131 \u015eirketi Genel M\u00fcd\u00fcr\u00fc Talib Cevad Kazem ile iki \u00fclke aras\u0131nda demiryolu ta\u015f\u0131mac\u0131l\u0131\u011f\u0131 sekt\u00f6r\u00fcnde ortak i\u015fbirli\u011fini etkinle\u015ftirmenin yollar\u0131n\u0131 g\u00f6r\u00fc\u015ft\u00fc. G\u00f6r\u00fc\u015fmede, iki \u00fclke aras\u0131nda demiryolu ta\u015f\u0131mac\u0131l\u0131\u011f\u0131 ve transit konvoylar a\u00e7\u0131s\u0131ndan ticaret al\u0131\u015fveri\u015finin ufkunu a\u00e7an ortak bir i\u015fbirli\u011fi haritas\u0131 geli\u015ftirme yollar\u0131 &hellip;<\/p>\n","protected":false},"author":1,"featured_media":250931,"comment_status":"closed","ping_status":"closed","sticky":false,"template":"","format":"standard","meta":{"footnotes":""},"categories":[485,486,479,17988,478],"tags":[],"class_list":["post-250930","post","type-post","status-publish","format-standard","has-post-thumbnail","","category-is-ve-sermaye","category-haberler-is-ve-sermaye","category-haberler-yerel","category-son-haberler","category-yerel"],"_links":{"self":[{"href":"https:\/\/archive.sana.sy\/tr\/index.php?rest_route=\/wp\/v2\/posts\/250930","targetHints":{"allow":["GET"]}}],"collection":[{"href":"https:\/\/archive.sana.sy\/tr\/index.php?rest_route=\/wp\/v2\/posts"}],"about":[{"href":"https:\/\/archive.sana.sy\/tr\/index.php?rest_route=\/wp\/v2\/types\/post"}],"author":[{"embeddable":true,"href":"https:\/\/archive.sana.sy\/tr\/index.php?rest_route=\/wp\/v2\/users\/1"}],"replies":[{"embeddable":true,"href":"https:\/\/archive.sana.sy\/tr\/index.php?rest_route=%2Fwp%2Fv2%2Fcomments&post=250930"}],"version-history":[{"count":0,"href":"https:\/\/archive.sana.sy\/tr\/index.php?rest_route=\/wp\/v2\/posts\/250930\/revisions"}],"wp:featuredmedia":[{"embeddable":true,"href":"https:\/\/archive.sana.sy\/tr\/index.php?rest_route=\/wp\/v2\/media\/250931"}],"wp:attachment":[{"href":"https:\/\/archive.sana.sy\/tr\/index.php?rest_route=%2Fwp%2Fv2%2Fmedia&parent=250930"}],"wp:term":[{"taxonomy":"category","embeddable":true,"href":"https:\/\/archive.sana.sy\/tr\/index.php?rest_route=%2Fwp%2Fv2%2Fcategories&post=250930"},{"taxonomy":"post_tag","embeddable":true,"href":"https:\/\/archive.sana.sy\/tr\/index.php?rest_route=%2Fwp%2Fv2%2Ftags&post=250930"}],"curies":[{"name":"wp","href":"https:\/\/api.w.org\/{rel}","templated":true}]}}