{"id":250934,"date":"2022-03-07T08:26:36","date_gmt":"2022-03-07T06:26:36","guid":{"rendered":"http:\/\/107.6.182.27\/tr\/?p=250934"},"modified":"2022-03-08T08:16:12","modified_gmt":"2022-03-08T06:16:12","slug":"guney-bolgeye-yonelik-israil-saldirisinda-2-vatandas-sehti-dustu","status":"publish","type":"post","link":"https:\/\/archive.sana.sy\/tr\/?p=250934","title":{"rendered":"G\u00fcney B\u00f6lgeye Y\u00f6nelik \u0130srail Sald\u0131r\u0131s\u0131nda 2 Vatanda\u015f \u015eehti D\u00fc\u015ft\u00fc (V\u0130DEO)"},"content":{"rendered":"<p>\u015eAM &#8211; G\u00fcney b\u00f6lgesinde bu sabah baz\u0131 noktalar\u0131n d\u00fc\u015fman \u0130srail sald\u0131r\u0131s\u0131 sonucunda hedef al\u0131nmas\u0131 sonucunda iki vatanda\u015f \u015fehit d\u00fc\u015ft\u00fc.<\/p>\n<p>Askeri kaynak SANA&#8217;ya a\u00e7\u0131klamas\u0131nda, bu sabah saat 05:00 sular\u0131nda d\u00fc\u015fman \u0130srail&#8217;in Beyrut&#8217;un g\u00fcney y\u00f6n\u00fcnden bir hava sald\u0131r\u0131s\u0131 d\u00fczenledi\u011fini, hava sald\u0131r\u0131s\u0131n\u0131n \u015eam ili \u00e7evresindeki baz\u0131 noktalar\u0131 hedef ald\u0131\u011f\u0131n\u0131, hava savunmalar\u0131m\u0131z\u0131n sald\u0131r\u0131 f\u00fczelerine kar\u015f\u0131l\u0131k verdi\u011fini ve \u00e7o\u011funu d\u00fc\u015f\u00fcrd\u00fc\u011f\u00fcn\u00fc belirtti.<\/p>\n<p>Kaynak, sald\u0131r\u0131 sonucunda iki sivil vatanda\u015f\u0131n \u015fehit d\u00fc\u015fmesi ve baz\u0131 maddi zararlara yol a\u00e7t\u0131\u011f\u0131na da i\u015faret etti.<\/p>\n<p style=\"text-align: center;\"><iframe loading=\"lazy\" title=\"YouTube video player\" src=\"https:\/\/www.youtube.com\/embed\/z3xObXzim60\" width=\"620\" height=\"347\" frameborder=\"0\" allowfullscreen=\"allowfullscreen\"><\/iframe><\/p>\n","protected":false},"excerpt":{"rendered":"<p>\u015eAM &#8211; G\u00fcney b\u00f6lgesinde bu sabah baz\u0131 noktalar\u0131n d\u00fc\u015fman \u0130srail sald\u0131r\u0131s\u0131 sonucunda hedef al\u0131nmas\u0131 sonucunda iki vatanda\u015f \u015fehit d\u00fc\u015ft\u00fc. Askeri kaynak SANA&#8217;ya a\u00e7\u0131klamas\u0131nda, bu sabah saat 05:00 sular\u0131nda d\u00fc\u015fman \u0130srail&#8217;in Beyrut&#8217;un g\u00fcney y\u00f6n\u00fcnden bir hava sald\u0131r\u0131s\u0131 d\u00fczenledi\u011fini, hava sald\u0131r\u0131s\u0131n\u0131n \u015eam ili \u00e7evresindeki baz\u0131 noktalar\u0131 hedef ald\u0131\u011f\u0131n\u0131, hava savunmalar\u0131m\u0131z\u0131n sald\u0131r\u0131 f\u00fczelerine kar\u015f\u0131l\u0131k verdi\u011fini ve \u00e7o\u011funu d\u00fc\u015f\u00fcrd\u00fc\u011f\u00fcn\u00fc &hellip;<\/p>\n","protected":false},"author":36,"featured_media":250935,"comment_status":"closed","ping_status":"closed","sticky":false,"template":"","format":"standard","meta":{"footnotes":""},"categories":[479,575,17988,478],"tags":[],"class_list":["post-250934","post","type-post","status-publish","format-standard","has-post-thumbnail","","category-haberler-yerel","category-olaylar-ve-gercekler","category-son-haberler","category-yerel"],"_links":{"self":[{"href":"https:\/\/archive.sana.sy\/tr\/index.php?rest_route=\/wp\/v2\/posts\/250934","targetHints":{"allow":["GET"]}}],"collection":[{"href":"https:\/\/archive.sana.sy\/tr\/index.php?rest_route=\/wp\/v2\/posts"}],"about":[{"href":"https:\/\/archive.sana.sy\/tr\/index.php?rest_route=\/wp\/v2\/types\/post"}],"author":[{"embeddable":true,"href":"https:\/\/archive.sana.sy\/tr\/index.php?rest_route=\/wp\/v2\/users\/36"}],"replies":[{"embeddable":true,"href":"https:\/\/archive.sana.sy\/tr\/index.php?rest_route=%2Fwp%2Fv2%2Fcomments&post=250934"}],"version-history":[{"count":0,"href":"https:\/\/archive.sana.sy\/tr\/index.php?rest_route=\/wp\/v2\/posts\/250934\/revisions"}],"wp:featuredmedia":[{"embeddable":true,"href":"https:\/\/archive.sana.sy\/tr\/index.php?rest_route=\/wp\/v2\/media\/250935"}],"wp:attachment":[{"href":"https:\/\/archive.sana.sy\/tr\/index.php?rest_route=%2Fwp%2Fv2%2Fmedia&parent=250934"}],"wp:term":[{"taxonomy":"category","embeddable":true,"href":"https:\/\/archive.sana.sy\/tr\/index.php?rest_route=%2Fwp%2Fv2%2Fcategories&post=250934"},{"taxonomy":"post_tag","embeddable":true,"href":"https:\/\/archive.sana.sy\/tr\/index.php?rest_route=%2Fwp%2Fv2%2Ftags&post=250934"}],"curies":[{"name":"wp","href":"https:\/\/api.w.org\/{rel}","templated":true}]}}