{"id":25105,"date":"2015-02-28T20:42:02","date_gmt":"2015-02-28T18:42:02","guid":{"rendered":"http:\/\/www.sana.sy\/tr\/?p=25105"},"modified":"2015-03-01T16:05:28","modified_gmt":"2015-03-01T14:05:28","slug":"stratejik-onem-tasiyan-bolgeler-ordunun-kontrolune-gecti%e2%80%8f","status":"publish","type":"post","link":"https:\/\/archive.sana.sy\/tr\/?p=25105","title":{"rendered":"Stratejik \u00d6nem Ta\u015f\u0131yan B\u00f6lgeler Ordunun Kontrol\u00fcne Ge\u00e7ti\u200f"},"content":{"rendered":"<p>\u015eAM \u2013 Ordu ve silahl\u0131 kuvvetler genel komutanl\u0131\u011f\u0131 ordu birliklerimizin halk savunma g\u00fc\u00e7leriyle i\u015fbirli\u011fi i\u00e7inde \u015eam k\u0131rsal\u0131n\u0131n bat\u0131s\u0131 Hebbariye, Hurbat Sultana ve Hamrit beldelerinde g\u00fcvenlik ve kontrol\u00fc sa\u011flad\u0131klar\u0131n\u0131 belirtti.<\/p>\n<p>Komutanl\u0131k bug\u00fcn yay\u0131nlad\u0131\u011f\u0131 ve SANA\u2019n\u0131n bir n\u00fcshas\u0131n\u0131 ald\u0131\u011f\u0131 beyanda ordu birliklerimizin ayn\u0131 zamanda Dera k\u0131rsal\u0131n\u0131n kuzeybat\u0131s\u0131 Kreyn Tepesi ve Fatima Tepelerinde de kontrol\u00fc eline ge\u00e7irdiklerini ilan etti.<\/p>\n<p>Operasyonlarda d\u00fc\u015fman Siyonist \u0130srail&#8217;in destekledi\u011fi Nusra Cepheli y\u00fcksek say\u0131da ter\u00f6ristin \u00f6ld\u00fcr\u00fcld\u00fc\u011f\u00fcn\u00fc ve \u00e7ok say\u0131da ara\u00e7lar\u0131n\u0131n da imha edildi\u011fini belirten komutanl\u0131k; \u00f6ld\u00fcr\u00fclen ter\u00f6ristlerin aras\u0131nda yabanc\u0131 ve az\u0131l\u0131 saha komutanlar\u0131n\u0131n bulundu\u011funa dikkat \u00e7ekti.<\/p>\n<p>Komutanl\u0131k ordu birliklerimizin halk savunma g\u00fc\u00e7leri ile i\u015fbirli\u011fi i\u00e7inde b\u00f6lgede bir\u00e7ok eksenden operasyonlar\u0131n\u0131 ba\u015far\u0131yla s\u00fcrd\u00fcrd\u00fcklerini vurgularken; ter\u00f6r \u00e7eteleri saflar\u0131nda b\u00fcy\u00fck bir kaos ve \u00e7\u00f6k\u00fc\u015f\u00fcn g\u00f6r\u00fcld\u00fc\u011f\u00fcn\u00fc belirtti.<\/p>\n<p>S\u00f6z konusu ba\u015far\u0131lar\u0131n daha \u00f6nce kaydedilen ba\u015far\u0131lar\u0131n bir devam\u0131 oldu\u011funa i\u015faret eden komutanl\u0131k; bu yeni stratejik ba\u015far\u0131larla ter\u00f6r \u00e7etelerin daha s\u0131k\u0131 bir \u00e7embere al\u0131nd\u0131\u011f\u0131n\u0131, destek ve ikmal hatlar\u0131n\u0131n da kesildi\u011fine dikkat \u00e7ekti.<\/p>\n<p>Komutanl\u0131k beyan\u0131n\u0131n sonunda kahraman vatan koruyucular\u0131m\u0131z\u0131n yurdun her kar\u0131\u015f topra\u011f\u0131nda vatan ve vatanda\u015flar\u0131n g\u00fcvenli\u011fi sa\u011flan\u0131ncaya dek operasyonlar\u0131n\u0131 azim ve kararl\u0131l\u0131kla s\u00fcrd\u00fcrece\u011finin alt\u0131n\u0131 \u00e7izdi.<\/p>\n<p><a href=\"https:\/\/www.youtube.com\/watch?v=W4oTe9IavmA\">https:\/\/www.youtube.com\/watch?v=W4oTe9IavmA<\/a><\/p>\n<p>A.A. &#8211; M.M. &#8211; R.H.<\/p>\n","protected":false},"excerpt":{"rendered":"<p>\u015eAM \u2013 Ordu ve silahl\u0131 kuvvetler genel komutanl\u0131\u011f\u0131 ordu birliklerimizin halk savunma g\u00fc\u00e7leriyle i\u015fbirli\u011fi i\u00e7inde \u015eam k\u0131rsal\u0131n\u0131n bat\u0131s\u0131 Hebbariye, Hurbat Sultana ve Hamrit beldelerinde g\u00fcvenlik ve kontrol\u00fc sa\u011flad\u0131klar\u0131n\u0131 belirtti. Komutanl\u0131k bug\u00fcn yay\u0131nlad\u0131\u011f\u0131 ve SANA\u2019n\u0131n bir n\u00fcshas\u0131n\u0131 ald\u0131\u011f\u0131 beyanda ordu birliklerimizin ayn\u0131 zamanda Dera k\u0131rsal\u0131n\u0131n kuzeybat\u0131s\u0131 Kreyn Tepesi ve Fatima Tepelerinde de kontrol\u00fc eline ge\u00e7irdiklerini ilan &hellip;<\/p>\n","protected":false},"author":1,"featured_media":23738,"comment_status":"closed","ping_status":"closed","sticky":false,"template":"","format":"standard","meta":{"footnotes":""},"categories":[575],"tags":[11960,11962,11961],"class_list":["post-25105","post","type-post","status-publish","format-standard","has-post-thumbnail","","category-olaylar-ve-gercekler","tag-hurbat-sultana-ve-hamrit-beldelerinde-guvenlik-ve-kontrolu-sagladiklarini-belirtti","tag-sam-ordu-ve-silahli-kuvvetler-genel-komutanligi-ordu-birliklerimizin-halk-savunma-gucleriyle-isbirligi-icinde-sam-kirsalinin-batisi-hebbariye","tag-stratejik-onem-tasiyan-bolgeler-ordunun-kontrolune-gecti"],"_links":{"self":[{"href":"https:\/\/archive.sana.sy\/tr\/index.php?rest_route=\/wp\/v2\/posts\/25105","targetHints":{"allow":["GET"]}}],"collection":[{"href":"https:\/\/archive.sana.sy\/tr\/index.php?rest_route=\/wp\/v2\/posts"}],"about":[{"href":"https:\/\/archive.sana.sy\/tr\/index.php?rest_route=\/wp\/v2\/types\/post"}],"author":[{"embeddable":true,"href":"https:\/\/archive.sana.sy\/tr\/index.php?rest_route=\/wp\/v2\/users\/1"}],"replies":[{"embeddable":true,"href":"https:\/\/archive.sana.sy\/tr\/index.php?rest_route=%2Fwp%2Fv2%2Fcomments&post=25105"}],"version-history":[{"count":0,"href":"https:\/\/archive.sana.sy\/tr\/index.php?rest_route=\/wp\/v2\/posts\/25105\/revisions"}],"wp:featuredmedia":[{"embeddable":true,"href":"https:\/\/archive.sana.sy\/tr\/index.php?rest_route=\/wp\/v2\/media\/23738"}],"wp:attachment":[{"href":"https:\/\/archive.sana.sy\/tr\/index.php?rest_route=%2Fwp%2Fv2%2Fmedia&parent=25105"}],"wp:term":[{"taxonomy":"category","embeddable":true,"href":"https:\/\/archive.sana.sy\/tr\/index.php?rest_route=%2Fwp%2Fv2%2Fcategories&post=25105"},{"taxonomy":"post_tag","embeddable":true,"href":"https:\/\/archive.sana.sy\/tr\/index.php?rest_route=%2Fwp%2Fv2%2Ftags&post=25105"}],"curies":[{"name":"wp","href":"https:\/\/api.w.org\/{rel}","templated":true}]}}