{"id":251055,"date":"2022-03-07T13:26:50","date_gmt":"2022-03-07T11:26:50","guid":{"rendered":"http:\/\/107.6.182.27\/tr\/?p=251055"},"modified":"2022-03-08T08:16:27","modified_gmt":"2022-03-08T06:16:27","slug":"dyrezzor-kirsalinda-dsg-milislerine-karsi-protesto-gosterisi-duzenlendi","status":"publish","type":"post","link":"https:\/\/archive.sana.sy\/tr\/?p=251055","title":{"rendered":"Dyrezzor K\u0131rsal\u0131nda DSG Milislerine Kar\u015f\u0131 Protesto G\u00f6sterisi D\u00fczenlendi"},"content":{"rendered":"<p>DEYREZZOR \u2013 Deyrezzor k\u0131rsal\u0131n\u0131n do\u011fusunda yer alan Ebu Hamam beldesi halk\u0131, DSG milislerinin vatanda\u015flara y\u00f6nelik su\u00e7 uygulamalar\u0131n\u0131 k\u0131nayan protesto g\u00f6sterisi d\u00fczenledi.<\/p>\n<p>SANA muhabiri, belde halk\u0131n\u0131n yolu kesti\u011fini ve lastikleri yakt\u0131\u011f\u0131n\u0131 belirterek, DSG milislerinin b\u00f6lgelerinden s\u0131n\u0131r d\u0131\u015f\u0131 edilmesini talep etti\u011fine i\u015faret etti.<\/p>\n","protected":false},"excerpt":{"rendered":"<p>DEYREZZOR \u2013 Deyrezzor k\u0131rsal\u0131n\u0131n do\u011fusunda yer alan Ebu Hamam beldesi halk\u0131, DSG milislerinin vatanda\u015flara y\u00f6nelik su\u00e7 uygulamalar\u0131n\u0131 k\u0131nayan protesto g\u00f6sterisi d\u00fczenledi. SANA muhabiri, belde halk\u0131n\u0131n yolu kesti\u011fini ve lastikleri yakt\u0131\u011f\u0131n\u0131 belirterek, DSG milislerinin b\u00f6lgelerinden s\u0131n\u0131r d\u0131\u015f\u0131 edilmesini talep etti\u011fine i\u015faret etti.<\/p>\n","protected":false},"author":36,"featured_media":251056,"comment_status":"closed","ping_status":"closed","sticky":false,"template":"","format":"standard","meta":{"footnotes":""},"categories":[479,575,17988,478],"tags":[],"class_list":["post-251055","post","type-post","status-publish","format-standard","has-post-thumbnail","","category-haberler-yerel","category-olaylar-ve-gercekler","category-son-haberler","category-yerel"],"_links":{"self":[{"href":"https:\/\/archive.sana.sy\/tr\/index.php?rest_route=\/wp\/v2\/posts\/251055","targetHints":{"allow":["GET"]}}],"collection":[{"href":"https:\/\/archive.sana.sy\/tr\/index.php?rest_route=\/wp\/v2\/posts"}],"about":[{"href":"https:\/\/archive.sana.sy\/tr\/index.php?rest_route=\/wp\/v2\/types\/post"}],"author":[{"embeddable":true,"href":"https:\/\/archive.sana.sy\/tr\/index.php?rest_route=\/wp\/v2\/users\/36"}],"replies":[{"embeddable":true,"href":"https:\/\/archive.sana.sy\/tr\/index.php?rest_route=%2Fwp%2Fv2%2Fcomments&post=251055"}],"version-history":[{"count":0,"href":"https:\/\/archive.sana.sy\/tr\/index.php?rest_route=\/wp\/v2\/posts\/251055\/revisions"}],"wp:featuredmedia":[{"embeddable":true,"href":"https:\/\/archive.sana.sy\/tr\/index.php?rest_route=\/wp\/v2\/media\/251056"}],"wp:attachment":[{"href":"https:\/\/archive.sana.sy\/tr\/index.php?rest_route=%2Fwp%2Fv2%2Fmedia&parent=251055"}],"wp:term":[{"taxonomy":"category","embeddable":true,"href":"https:\/\/archive.sana.sy\/tr\/index.php?rest_route=%2Fwp%2Fv2%2Fcategories&post=251055"},{"taxonomy":"post_tag","embeddable":true,"href":"https:\/\/archive.sana.sy\/tr\/index.php?rest_route=%2Fwp%2Fv2%2Ftags&post=251055"}],"curies":[{"name":"wp","href":"https:\/\/api.w.org\/{rel}","templated":true}]}}