{"id":251070,"date":"2022-03-07T21:52:29","date_gmt":"2022-03-07T19:52:29","guid":{"rendered":"http:\/\/107.6.182.27\/tr\/?p=251070"},"modified":"2022-03-09T08:19:52","modified_gmt":"2022-03-09T06:19:52","slug":"bakan-el-mikdad-suriye-bati-onlemleri-karsisinda-ukraynadaki-askeri-operasyonunda-rusyayi-destekledi","status":"publish","type":"post","link":"https:\/\/archive.sana.sy\/tr\/?p=251070","title":{"rendered":"Bakan el Mikdad: Suriye, Bat\u0131 \u00d6nlemleri Kar\u015f\u0131s\u0131nda Ukrayna&#8217;daki Askeri Operasyonunda Rusya&#8217;y\u0131 Destekledi"},"content":{"rendered":"<p style=\"text-align: justify;\">\u015eAM \u2013 D\u0131\u015fi\u015fleri ve Gurbet\u00e7iler Baskan\u0131 Feysal el Mikdad, Suriye&#8217;nin Bat\u0131l\u0131 \u00fclkelerden gelen ter\u00f6rist sald\u0131r\u0131lara ve Suriye halk\u0131n\u0131n ac\u0131 \u00e7ekmesine neden olan bo\u011fucu bir ku\u015fatmaya maruz kald\u0131\u011f\u0131n\u0131 teyit etti<\/p>\n<p style=\"text-align: justify;\">Bakan el Mikdad, Al Mayadeen TV&#8217;ye verdi\u011fi r\u00f6portajda, T\u00fcrk rejiminin Birle\u015fmi\u015f Milletler S\u00f6zle\u015fmesini ihlal ederek Suriye&#8217;deki ter\u00f6r \u00f6rg\u00fctlerini desteklemeye devam etti\u011fini belirtirken, ABD i\u015fgalinin Suriye adas\u0131ndaki Suriye&#8217;nin petrol ve bu\u011fday zenginli\u011fini ya\u011fmalamaya devam etti\u011fini ve Suriye&#8217;nin i\u015fgal alt\u0131ndaki topraklar\u0131ndan her t\u00fcrl\u00fc pisli\u011fi temizlemeye kararl\u0131 oldu\u011funa dikkati \u00e7ekti.<\/p>\n<p style=\"text-align: justify;\">El Mikdad, \u201cSuriye\u2019nin, Arap halklar\u0131na hizmet etmek i\u00e7in ortak Arap eylemini g\u00fc\u00e7lendirmeye hevesli\u201d oldu\u011funu s\u00f6zlerine ekledi.<\/p>\n<p style=\"text-align: justify;\">Ukrayna&#8217;daki krizle ilgili olarak ise D\u0131\u015fi\u015fleri ve Gurbet\u00e7iler Bakan\u0131, \u201cRusya&#8217;n\u0131n Ukrayna&#8217;daki askeri operasyonunda Bat\u0131&#8217;n\u0131n ulusal g\u00fcvenli\u011fini tehdit eden tedbirlerine kar\u015f\u0131 \u00e7\u0131karak destekledik\u201d ifadeleri kullanarak, Bat\u0131&#8217;n\u0131n Nazizmi ve ter\u00f6r\u00fc desteklemeye devam etti\u011fini ve k\u00fcresel hegemonya empoze etme giri\u015fimlerini s\u00fcrd\u00fcrd\u00fc\u011f\u00fcn\u00fc vurgulad\u0131.<\/p>\n","protected":false},"excerpt":{"rendered":"<p>\u015eAM \u2013 D\u0131\u015fi\u015fleri ve Gurbet\u00e7iler Baskan\u0131 Feysal el Mikdad, Suriye&#8217;nin Bat\u0131l\u0131 \u00fclkelerden gelen ter\u00f6rist sald\u0131r\u0131lara ve Suriye halk\u0131n\u0131n ac\u0131 \u00e7ekmesine neden olan bo\u011fucu bir ku\u015fatmaya maruz kald\u0131\u011f\u0131n\u0131 teyit etti Bakan el Mikdad, Al Mayadeen TV&#8217;ye verdi\u011fi r\u00f6portajda, T\u00fcrk rejiminin Birle\u015fmi\u015f Milletler S\u00f6zle\u015fmesini ihlal ederek Suriye&#8217;deki ter\u00f6r \u00f6rg\u00fctlerini desteklemeye devam etti\u011fini belirtirken, ABD i\u015fgalinin Suriye adas\u0131ndaki &hellip;<\/p>\n","protected":false},"author":1,"featured_media":251071,"comment_status":"closed","ping_status":"closed","sticky":false,"template":"","format":"standard","meta":{"footnotes":""},"categories":[479,17988,478],"tags":[],"class_list":["post-251070","post","type-post","status-publish","format-standard","has-post-thumbnail","","category-haberler-yerel","category-son-haberler","category-yerel"],"_links":{"self":[{"href":"https:\/\/archive.sana.sy\/tr\/index.php?rest_route=\/wp\/v2\/posts\/251070","targetHints":{"allow":["GET"]}}],"collection":[{"href":"https:\/\/archive.sana.sy\/tr\/index.php?rest_route=\/wp\/v2\/posts"}],"about":[{"href":"https:\/\/archive.sana.sy\/tr\/index.php?rest_route=\/wp\/v2\/types\/post"}],"author":[{"embeddable":true,"href":"https:\/\/archive.sana.sy\/tr\/index.php?rest_route=\/wp\/v2\/users\/1"}],"replies":[{"embeddable":true,"href":"https:\/\/archive.sana.sy\/tr\/index.php?rest_route=%2Fwp%2Fv2%2Fcomments&post=251070"}],"version-history":[{"count":0,"href":"https:\/\/archive.sana.sy\/tr\/index.php?rest_route=\/wp\/v2\/posts\/251070\/revisions"}],"wp:featuredmedia":[{"embeddable":true,"href":"https:\/\/archive.sana.sy\/tr\/index.php?rest_route=\/wp\/v2\/media\/251071"}],"wp:attachment":[{"href":"https:\/\/archive.sana.sy\/tr\/index.php?rest_route=%2Fwp%2Fv2%2Fmedia&parent=251070"}],"wp:term":[{"taxonomy":"category","embeddable":true,"href":"https:\/\/archive.sana.sy\/tr\/index.php?rest_route=%2Fwp%2Fv2%2Fcategories&post=251070"},{"taxonomy":"post_tag","embeddable":true,"href":"https:\/\/archive.sana.sy\/tr\/index.php?rest_route=%2Fwp%2Fv2%2Ftags&post=251070"}],"curies":[{"name":"wp","href":"https:\/\/api.w.org\/{rel}","templated":true}]}}