{"id":251091,"date":"2022-03-08T10:07:25","date_gmt":"2022-03-08T08:07:25","guid":{"rendered":"http:\/\/107.6.182.27\/tr\/?p=251091"},"modified":"2022-03-09T08:19:59","modified_gmt":"2022-03-09T06:19:59","slug":"rus-kaynaklar-el-nusra-cephesinden-yuzlerce-terorist-ukraynaya-geldi","status":"publish","type":"post","link":"https:\/\/archive.sana.sy\/tr\/?p=251091","title":{"rendered":"Rus Kaynaklar: El Nusra Cephesi&#8217;nden Y\u00fczlerce Ter\u00f6rist Ukrayna&#8217;ya Geldi"},"content":{"rendered":"<p>MOSKOVA \u2013 Rus Sputnik haber ajans\u0131na yapt\u0131\u011f\u0131 a\u00e7\u0131klamada bir kaynak, Suriye&#8217;nin kuzeyindeki ter\u00f6r \u00f6rg\u00fctlerinden y\u00fczlerce ter\u00f6ristin Ukrayna g\u00fc\u00e7leriyle birlikte sava\u015fmak \u00fczere T\u00fcrkiye \u00fczerinden Ukrayna&#8217;ya geldi\u011fini belirtti.<\/p>\n<p>Kaynaklar, Arap ve yabanc\u0131 uyruklu yakla\u015f\u0131k 450 ter\u00f6ristin Ukrayna&#8217;daki \u00e7at\u0131\u015fmalara kat\u0131lmak i\u00e7in \u0130dlib ve Halep k\u0131rsal\u0131ndan Ukrayna&#8217;ya geldi\u011fini belirtti.<\/p>\n<p>Kaynaklar, Ukrayna&#8217;ya giden ter\u00f6ristlerin \u00e7o\u011funlu\u011funun El Nusra Cephesi ter\u00f6r \u00f6rg\u00fct\u00fcnden oldu\u011funa dikkat \u00e7ekti.<\/p>\n","protected":false},"excerpt":{"rendered":"<p>MOSKOVA \u2013 Rus Sputnik haber ajans\u0131na yapt\u0131\u011f\u0131 a\u00e7\u0131klamada bir kaynak, Suriye&#8217;nin kuzeyindeki ter\u00f6r \u00f6rg\u00fctlerinden y\u00fczlerce ter\u00f6ristin Ukrayna g\u00fc\u00e7leriyle birlikte sava\u015fmak \u00fczere T\u00fcrkiye \u00fczerinden Ukrayna&#8217;ya geldi\u011fini belirtti. Kaynaklar, Arap ve yabanc\u0131 uyruklu yakla\u015f\u0131k 450 ter\u00f6ristin Ukrayna&#8217;daki \u00e7at\u0131\u015fmalara kat\u0131lmak i\u00e7in \u0130dlib ve Halep k\u0131rsal\u0131ndan Ukrayna&#8217;ya geldi\u011fini belirtti. Kaynaklar, Ukrayna&#8217;ya giden ter\u00f6ristlerin \u00e7o\u011funlu\u011funun El Nusra Cephesi ter\u00f6r \u00f6rg\u00fct\u00fcnden &hellip;<\/p>\n","protected":false},"author":36,"featured_media":251092,"comment_status":"closed","ping_status":"closed","sticky":false,"template":"","format":"standard","meta":{"footnotes":""},"categories":[458,459,17988],"tags":[],"class_list":["post-251091","post","type-post","status-publish","format-standard","has-post-thumbnail","","category-dunya1","category-haberler-arap-uluslararasi-politika","category-son-haberler"],"_links":{"self":[{"href":"https:\/\/archive.sana.sy\/tr\/index.php?rest_route=\/wp\/v2\/posts\/251091","targetHints":{"allow":["GET"]}}],"collection":[{"href":"https:\/\/archive.sana.sy\/tr\/index.php?rest_route=\/wp\/v2\/posts"}],"about":[{"href":"https:\/\/archive.sana.sy\/tr\/index.php?rest_route=\/wp\/v2\/types\/post"}],"author":[{"embeddable":true,"href":"https:\/\/archive.sana.sy\/tr\/index.php?rest_route=\/wp\/v2\/users\/36"}],"replies":[{"embeddable":true,"href":"https:\/\/archive.sana.sy\/tr\/index.php?rest_route=%2Fwp%2Fv2%2Fcomments&post=251091"}],"version-history":[{"count":0,"href":"https:\/\/archive.sana.sy\/tr\/index.php?rest_route=\/wp\/v2\/posts\/251091\/revisions"}],"wp:featuredmedia":[{"embeddable":true,"href":"https:\/\/archive.sana.sy\/tr\/index.php?rest_route=\/wp\/v2\/media\/251092"}],"wp:attachment":[{"href":"https:\/\/archive.sana.sy\/tr\/index.php?rest_route=%2Fwp%2Fv2%2Fmedia&parent=251091"}],"wp:term":[{"taxonomy":"category","embeddable":true,"href":"https:\/\/archive.sana.sy\/tr\/index.php?rest_route=%2Fwp%2Fv2%2Fcategories&post=251091"},{"taxonomy":"post_tag","embeddable":true,"href":"https:\/\/archive.sana.sy\/tr\/index.php?rest_route=%2Fwp%2Fv2%2Ftags&post=251091"}],"curies":[{"name":"wp","href":"https:\/\/api.w.org\/{rel}","templated":true}]}}