{"id":251211,"date":"2022-03-09T20:35:04","date_gmt":"2022-03-09T18:35:04","guid":{"rendered":"http:\/\/107.6.182.27\/tr\/?p=251211"},"modified":"2022-03-11T08:47:39","modified_gmt":"2022-03-11T06:47:39","slug":"mikdad-uluslararasi-goc-orgutu-heyetini-kabul-etti-ve-suriyedeki-calismalarini-etkinlestirmenin-yollarini-tartisti","status":"publish","type":"post","link":"https:\/\/archive.sana.sy\/tr\/?p=251211","title":{"rendered":"Mikdad, Uluslararas\u0131 G\u00f6\u00e7 \u00d6rg\u00fct\u00fc Heyetini Kabul Etti ve Suriye&#8217;deki \u00c7al\u0131\u015fmalar\u0131n\u0131 Etkinle\u015ftirmenin Yollar\u0131n\u0131 Tart\u0131\u015ft\u0131"},"content":{"rendered":"<p style=\"text-align: justify;\">\u015eAM \u2013 D\u0131\u015fi\u015fleri ve Gurbet\u00e7iler Bakan\u0131 Feysal el Mikdad, bug\u00fcn Egino Ambrosi ba\u015fkanl\u0131\u011f\u0131ndaki Uluslararas\u0131 G\u00f6\u00e7 \u00d6rg\u00fct\u00fc heyetini ve beraberindeki heyeti kabul ederek, \u00f6rg\u00fcte verilen g\u00f6revleri ve Suriye&#8217;deki rol\u00fcn\u00fc etkinle\u015ftirmenin yollar\u0131n\u0131 ele ald\u0131.<\/p>\n<p style=\"text-align: justify;\">Bakan Mikdad, Suriye devletinin Suriye vatanda\u015flar\u0131n\u0131n temel ihtiya\u00e7lar\u0131n\u0131n kar\u015f\u0131lanmas\u0131 i\u00e7in \u00fcstlendi\u011fi g\u00f6revleri anlat\u0131rken, \u00f6zellikle tek tarafl\u0131 zorlay\u0131c\u0131 tedbirlerin g\u00fcnl\u00fck ya\u015fam\u0131n t\u00fcm y\u00f6nlerine ve Suriye vatanda\u015f\u0131 i\u00e7in temel hizmetlere ve m\u00fcltecileri evlerine ve \u015fehirlerine d\u00f6nmeye te\u015fvik etmek i\u00e7in uygun ko\u015fullar\u0131n yarat\u0131lmas\u0131na olumsuz etkilerini belirtti.<\/p>\n<p style=\"text-align: justify;\">Mikdad ayr\u0131ca, insani yard\u0131m\u0131n faydalan\u0131c\u0131lar\u0131na ula\u015fmas\u0131n\u0131n sa\u011flanmas\u0131, insani \u00e7al\u0131\u015fma ilkelerine ba\u011fl\u0131 kal\u0131nmas\u0131 ve bu ba\u011flamda Bat\u0131l\u0131 \u00fclkelerin uygulad\u0131\u011f\u0131 siyasalla\u015ft\u0131rmadan ka\u00e7\u0131nman\u0131n \u00f6nceli\u011fini vurgulad\u0131.<\/p>\n<p style=\"text-align: justify;\">\u00d6te yandan Ambrosi, Uluslararas\u0131 G\u00f6\u00e7 \u00d6rg\u00fct\u00fc ile Suriye h\u00fck\u00fcmeti aras\u0131ndaki i\u015fbirli\u011fini, \u00f6zellikle \u00f6rg\u00fct\u00fcn Birle\u015fmi\u015f Milletler \u015femsiyesine kat\u0131l\u0131m\u0131 \u00e7er\u00e7evesinde canland\u0131rma ve etkinle\u015ftirme arzusunu dile getirerek, \u00f6rg\u00fct\u00fcn kar\u015f\u0131l\u0131kl\u0131 g\u00fcven ortam\u0131n\u0131 s\u00fcrd\u00fcrme niyetini vurgulad\u0131.<\/p>\n<p style=\"text-align: justify;\">P.M.<\/p>\n","protected":false},"excerpt":{"rendered":"<p>\u015eAM \u2013 D\u0131\u015fi\u015fleri ve Gurbet\u00e7iler Bakan\u0131 Feysal el Mikdad, bug\u00fcn Egino Ambrosi ba\u015fkanl\u0131\u011f\u0131ndaki Uluslararas\u0131 G\u00f6\u00e7 \u00d6rg\u00fct\u00fc heyetini ve beraberindeki heyeti kabul ederek, \u00f6rg\u00fcte verilen g\u00f6revleri ve Suriye&#8217;deki rol\u00fcn\u00fc etkinle\u015ftirmenin yollar\u0131n\u0131 ele ald\u0131. Bakan Mikdad, Suriye devletinin Suriye vatanda\u015flar\u0131n\u0131n temel ihtiya\u00e7lar\u0131n\u0131n kar\u015f\u0131lanmas\u0131 i\u00e7in \u00fcstlendi\u011fi g\u00f6revleri anlat\u0131rken, \u00f6zellikle tek tarafl\u0131 zorlay\u0131c\u0131 tedbirlerin g\u00fcnl\u00fck ya\u015fam\u0131n t\u00fcm y\u00f6nlerine ve &hellip;<\/p>\n","protected":false},"author":1,"featured_media":251212,"comment_status":"closed","ping_status":"closed","sticky":false,"template":"","format":"standard","meta":{"footnotes":""},"categories":[479,17988,478],"tags":[],"class_list":["post-251211","post","type-post","status-publish","format-standard","has-post-thumbnail","","category-haberler-yerel","category-son-haberler","category-yerel"],"_links":{"self":[{"href":"https:\/\/archive.sana.sy\/tr\/index.php?rest_route=\/wp\/v2\/posts\/251211","targetHints":{"allow":["GET"]}}],"collection":[{"href":"https:\/\/archive.sana.sy\/tr\/index.php?rest_route=\/wp\/v2\/posts"}],"about":[{"href":"https:\/\/archive.sana.sy\/tr\/index.php?rest_route=\/wp\/v2\/types\/post"}],"author":[{"embeddable":true,"href":"https:\/\/archive.sana.sy\/tr\/index.php?rest_route=\/wp\/v2\/users\/1"}],"replies":[{"embeddable":true,"href":"https:\/\/archive.sana.sy\/tr\/index.php?rest_route=%2Fwp%2Fv2%2Fcomments&post=251211"}],"version-history":[{"count":0,"href":"https:\/\/archive.sana.sy\/tr\/index.php?rest_route=\/wp\/v2\/posts\/251211\/revisions"}],"wp:featuredmedia":[{"embeddable":true,"href":"https:\/\/archive.sana.sy\/tr\/index.php?rest_route=\/wp\/v2\/media\/251212"}],"wp:attachment":[{"href":"https:\/\/archive.sana.sy\/tr\/index.php?rest_route=%2Fwp%2Fv2%2Fmedia&parent=251211"}],"wp:term":[{"taxonomy":"category","embeddable":true,"href":"https:\/\/archive.sana.sy\/tr\/index.php?rest_route=%2Fwp%2Fv2%2Fcategories&post=251211"},{"taxonomy":"post_tag","embeddable":true,"href":"https:\/\/archive.sana.sy\/tr\/index.php?rest_route=%2Fwp%2Fv2%2Ftags&post=251211"}],"curies":[{"name":"wp","href":"https:\/\/api.w.org\/{rel}","templated":true}]}}