{"id":251326,"date":"2022-03-11T16:53:55","date_gmt":"2022-03-11T14:53:55","guid":{"rendered":"http:\/\/107.6.182.27\/tr\/?p=251326"},"modified":"2022-03-12T08:40:02","modified_gmt":"2022-03-12T06:40:02","slug":"rakka-kirsalinda-yeni-saldirida-bir-dsg-unsuru-olduruldu-ve-digerleri-yaralandi","status":"publish","type":"post","link":"https:\/\/archive.sana.sy\/tr\/?p=251326","title":{"rendered":"Rakka K\u0131rsal\u0131nda Yeni Sald\u0131r\u0131da Bir \u201cDSG\u201d Unsuru \u00d6ld\u00fcr\u00fcld\u00fc ve Di\u011ferleri Yaraland\u0131"},"content":{"rendered":"<p style=\"text-align: justify;\">RAKKA \u2013 Rakka kentinin bat\u0131s\u0131ndaki halk gruplar\u0131n\u0131n d\u00fczenledi\u011fi sald\u0131r\u0131da Amerikan i\u015fgal g\u00fc\u00e7lerinin destekledi\u011fi &#8220;DSG&#8221; milislerine mensup silahl\u0131 bir ki\u015fi \u00f6ld\u00fcr\u00fcld\u00fc, di\u011ferleri yaraland\u0131.<\/p>\n<p style=\"text-align: justify;\">Yerel kaynaklar SANA muhabirine, \u201cBu \u00f6\u011fleden sonra Halk Direni\u015fi gruplar\u0131 taraf\u0131ndan ger\u00e7ekle\u015ftirilen makineli t\u00fcfek sald\u0131r\u0131s\u0131, Rakka \u015fehrinin bat\u0131s\u0131ndaki \u00e7ift\u00e7i yolunda \u2018DSG\u2019 milislerine ait bir askeri araca hedeflendi ve bir milis \u00f6ld\u00fcr\u00fcld\u00fc, di\u011ferleri yaraland\u0131 ve seyahat ettikleri araba hasar g\u00f6rd\u00fc\u201d diye ifade etti.<\/p>\n<p style=\"text-align: justify;\">P.M.<\/p>\n","protected":false},"excerpt":{"rendered":"<p>RAKKA \u2013 Rakka kentinin bat\u0131s\u0131ndaki halk gruplar\u0131n\u0131n d\u00fczenledi\u011fi sald\u0131r\u0131da Amerikan i\u015fgal g\u00fc\u00e7lerinin destekledi\u011fi &#8220;DSG&#8221; milislerine mensup silahl\u0131 bir ki\u015fi \u00f6ld\u00fcr\u00fcld\u00fc, di\u011ferleri yaraland\u0131. Yerel kaynaklar SANA muhabirine, \u201cBu \u00f6\u011fleden sonra Halk Direni\u015fi gruplar\u0131 taraf\u0131ndan ger\u00e7ekle\u015ftirilen makineli t\u00fcfek sald\u0131r\u0131s\u0131, Rakka \u015fehrinin bat\u0131s\u0131ndaki \u00e7ift\u00e7i yolunda \u2018DSG\u2019 milislerine ait bir askeri araca hedeflendi ve bir milis \u00f6ld\u00fcr\u00fcld\u00fc, di\u011ferleri yaraland\u0131 &hellip;<\/p>\n","protected":false},"author":1,"featured_media":251327,"comment_status":"closed","ping_status":"closed","sticky":false,"template":"","format":"standard","meta":{"footnotes":""},"categories":[479,575,17988,478],"tags":[],"class_list":["post-251326","post","type-post","status-publish","format-standard","has-post-thumbnail","","category-haberler-yerel","category-olaylar-ve-gercekler","category-son-haberler","category-yerel"],"_links":{"self":[{"href":"https:\/\/archive.sana.sy\/tr\/index.php?rest_route=\/wp\/v2\/posts\/251326","targetHints":{"allow":["GET"]}}],"collection":[{"href":"https:\/\/archive.sana.sy\/tr\/index.php?rest_route=\/wp\/v2\/posts"}],"about":[{"href":"https:\/\/archive.sana.sy\/tr\/index.php?rest_route=\/wp\/v2\/types\/post"}],"author":[{"embeddable":true,"href":"https:\/\/archive.sana.sy\/tr\/index.php?rest_route=\/wp\/v2\/users\/1"}],"replies":[{"embeddable":true,"href":"https:\/\/archive.sana.sy\/tr\/index.php?rest_route=%2Fwp%2Fv2%2Fcomments&post=251326"}],"version-history":[{"count":0,"href":"https:\/\/archive.sana.sy\/tr\/index.php?rest_route=\/wp\/v2\/posts\/251326\/revisions"}],"wp:featuredmedia":[{"embeddable":true,"href":"https:\/\/archive.sana.sy\/tr\/index.php?rest_route=\/wp\/v2\/media\/251327"}],"wp:attachment":[{"href":"https:\/\/archive.sana.sy\/tr\/index.php?rest_route=%2Fwp%2Fv2%2Fmedia&parent=251326"}],"wp:term":[{"taxonomy":"category","embeddable":true,"href":"https:\/\/archive.sana.sy\/tr\/index.php?rest_route=%2Fwp%2Fv2%2Fcategories&post=251326"},{"taxonomy":"post_tag","embeddable":true,"href":"https:\/\/archive.sana.sy\/tr\/index.php?rest_route=%2Fwp%2Fv2%2Ftags&post=251326"}],"curies":[{"name":"wp","href":"https:\/\/api.w.org\/{rel}","templated":true}]}}