{"id":251329,"date":"2022-03-11T17:04:54","date_gmt":"2022-03-11T15:04:54","guid":{"rendered":"http:\/\/107.6.182.27\/tr\/?p=251329"},"modified":"2022-03-12T08:40:06","modified_gmt":"2022-03-12T06:40:06","slug":"israil-isgali-kudusun-jabal-mukaber-kentinde-800-filistinli-evini-yikmakla-tehdit-ediyor","status":"publish","type":"post","link":"https:\/\/archive.sana.sy\/tr\/?p=251329","title":{"rendered":"\u201c\u0130srail\u201d \u0130\u015fgali, Kud\u00fcs&#8217;\u00fcn Jabal Mukaber Kentinde 800 Filistinli Evini Y\u0131kmakla Tehdit Ediyor"},"content":{"rendered":"<p style=\"text-align: justify;\">\u0130\u015eGAL ALTINDAK\u0130 KUD\u00dcS \u2013 \u201c\u0130srail\u201d i\u015fgalinin, Filistinlileri zorla yerinden etmelerini k\u0131s\u0131tlamak ve co\u011frafi ve co\u011frafi konumlar\u0131n\u0131 de\u011fi\u015ftirmek amac\u0131yla Filistinlilere sald\u0131r\u0131p tutuklaman\u0131n yan\u0131 s\u0131ra, i\u015fgal alt\u0131ndaki Kud\u00fcs \u015fehrinin topraklar\u0131nda bir evi y\u0131kmadan veya yerle\u015fimcilerin yarar\u0131na \u015fehrin demografik ger\u00e7ekli\u011fi de\u011fi\u015ftirme politkas\u0131 \u00e7er\u00e7evesinde yerle\u015fim plan\u0131 ilan etmeden neredeyse bir g\u00fcn bile ge\u00e7miyor.<\/p>\n<p style=\"text-align: justify;\">\u0130\u015fgal son zamanlarda i\u015fgal alt\u0131ndaki Kud\u00fcs&#8217;\u00fcn g\u00fcneydo\u011fusundaki Jabal Mukaber kasabas\u0131nda Filistinlilere y\u00f6nelik sald\u0131r\u0131lar\u0131n\u0131, \u00f6zellikle evlerin y\u0131k\u0131lmas\u0131n\u0131 yo\u011funla\u015ft\u0131rd\u0131. Ge\u00e7en \u015eubat ay\u0131nda, sekiz aile evlerini kendi elleriyle y\u0131kmaya zorland\u0131 ve yerlerine 500 yerle\u015fim birimi kurmak i\u00e7in 800&#8217;den fazla y\u0131k\u0131m bildirisi verdi, bu, ba\u015fta Filistin topraklar\u0131ndaki yerle\u015fimlerin yasad\u0131\u015f\u0131 oldu\u011funu teyit eden ve yerle\u015fimin durdurulmas\u0131 \u00e7a\u011fr\u0131s\u0131nda bulunan BM&#8217;nin 2016 tarihli 2334 say\u0131l\u0131 Karar\u0131 olmak \u00fczere ilgili uluslararas\u0131 me\u015fruiyet kararlar\u0131n\u0131 ihlal etti.<\/p>\n<p style=\"text-align: justify;\">Jabal Mukaber beldesindeki takip komitesinin \u00fcyesi Tar\u0131k Oveysat, bu plan\u0131n tehlikesi konusunda uyar\u0131da bulunurken, bu plan\u0131n sadece Jabal Mukaber sakinlerini kentsel geni\u015flemeden mahrum etmekle kalmayaca\u011f\u0131n\u0131, ayn\u0131 zamanda onlar\u0131 konut bulmak i\u00e7in \u015fehirden zorla g\u00f6\u00e7 etmeye zorlayaca\u011f\u0131n\u0131 belirtti. Oveysat, Kud\u00fcsl\u00fclerin evlerini ve topraklar\u0131n\u0131 terk etmeyeceklerini, onlar\u0131 savunmaya devam edeceklerini ve i\u015fgalin Nakba trajedisinin tekrarlanmas\u0131na izin vermeyeceklerini vurgulad\u0131.<\/p>\n<p style=\"text-align: justify;\">Kud\u00fcs&#8217;teki Ulusal ve Sivil Eylem Komitesi \u00fcyesi Rasem Obeydat ise, i\u015fgalin y\u00fczlerce d\u00f6n\u00fcm arazi ele ge\u00e7irerek, \u00f6zellikle Jabal Mukaber kasabas\u0131nda Kud\u00fcsl\u00fclerin evlerini ele ge\u00e7irmek i\u00e7in sistematik bir s\u00f6m\u00fcrge politikas\u0131 izledi\u011fini teyit etti.<\/p>\n<p style=\"text-align: justify;\">Obeydat, uluslararas\u0131 toplumu Kud\u00fcs&#8217;te devam eden y\u0131k\u0131mlar\u0131 ve yerle\u015fim geni\u015flemesini durdurmak i\u00e7in derhal m\u00fcdahale etmeye ve failleri sava\u015f su\u00e7una varan bir su\u00e7 olarak sorumlu tutmaya \u00e7a\u011f\u0131rd\u0131.<\/p>\n<p style=\"text-align: justify;\">P.M.<\/p>\n","protected":false},"excerpt":{"rendered":"<p>\u0130\u015eGAL ALTINDAK\u0130 KUD\u00dcS \u2013 \u201c\u0130srail\u201d i\u015fgalinin, Filistinlileri zorla yerinden etmelerini k\u0131s\u0131tlamak ve co\u011frafi ve co\u011frafi konumlar\u0131n\u0131 de\u011fi\u015ftirmek amac\u0131yla Filistinlilere sald\u0131r\u0131p tutuklaman\u0131n yan\u0131 s\u0131ra, i\u015fgal alt\u0131ndaki Kud\u00fcs \u015fehrinin topraklar\u0131nda bir evi y\u0131kmadan veya yerle\u015fimcilerin yarar\u0131na \u015fehrin demografik ger\u00e7ekli\u011fi de\u011fi\u015ftirme politkas\u0131 \u00e7er\u00e7evesinde yerle\u015fim plan\u0131 ilan etmeden neredeyse bir g\u00fcn bile ge\u00e7miyor. \u0130\u015fgal son zamanlarda i\u015fgal alt\u0131ndaki Kud\u00fcs&#8217;\u00fcn &hellip;<\/p>\n","protected":false},"author":1,"featured_media":251330,"comment_status":"closed","ping_status":"closed","sticky":false,"template":"","format":"standard","meta":{"footnotes":""},"categories":[458,459,17988],"tags":[],"class_list":["post-251329","post","type-post","status-publish","format-standard","has-post-thumbnail","","category-dunya1","category-haberler-arap-uluslararasi-politika","category-son-haberler"],"_links":{"self":[{"href":"https:\/\/archive.sana.sy\/tr\/index.php?rest_route=\/wp\/v2\/posts\/251329","targetHints":{"allow":["GET"]}}],"collection":[{"href":"https:\/\/archive.sana.sy\/tr\/index.php?rest_route=\/wp\/v2\/posts"}],"about":[{"href":"https:\/\/archive.sana.sy\/tr\/index.php?rest_route=\/wp\/v2\/types\/post"}],"author":[{"embeddable":true,"href":"https:\/\/archive.sana.sy\/tr\/index.php?rest_route=\/wp\/v2\/users\/1"}],"replies":[{"embeddable":true,"href":"https:\/\/archive.sana.sy\/tr\/index.php?rest_route=%2Fwp%2Fv2%2Fcomments&post=251329"}],"version-history":[{"count":0,"href":"https:\/\/archive.sana.sy\/tr\/index.php?rest_route=\/wp\/v2\/posts\/251329\/revisions"}],"wp:featuredmedia":[{"embeddable":true,"href":"https:\/\/archive.sana.sy\/tr\/index.php?rest_route=\/wp\/v2\/media\/251330"}],"wp:attachment":[{"href":"https:\/\/archive.sana.sy\/tr\/index.php?rest_route=%2Fwp%2Fv2%2Fmedia&parent=251329"}],"wp:term":[{"taxonomy":"category","embeddable":true,"href":"https:\/\/archive.sana.sy\/tr\/index.php?rest_route=%2Fwp%2Fv2%2Fcategories&post=251329"},{"taxonomy":"post_tag","embeddable":true,"href":"https:\/\/archive.sana.sy\/tr\/index.php?rest_route=%2Fwp%2Fv2%2Ftags&post=251329"}],"curies":[{"name":"wp","href":"https:\/\/api.w.org\/{rel}","templated":true}]}}