{"id":251357,"date":"2022-03-12T08:00:38","date_gmt":"2022-03-12T06:00:38","guid":{"rendered":"http:\/\/107.6.182.27\/tr\/?p=251357"},"modified":"2022-03-13T08:27:38","modified_gmt":"2022-03-13T06:27:38","slug":"hama-kirsalinda-teror-gruplarindan-kalan-bir-muhimmat-deposu-ele-gecirildi","status":"publish","type":"post","link":"https:\/\/archive.sana.sy\/tr\/?p=251357","title":{"rendered":"Hama k\u0131rsal\u0131nda Ter\u00f6r Gruplar\u0131ndan Kalan Bir M\u00fchimmat Deposu Ele Ge\u00e7irildi"},"content":{"rendered":"<p>HAMA \u2013 Hama vilayetinde yer alan El \u011eab b\u00f6lgesine ba\u011fl\u0131 Afamia il\u00e7esinde polisler, valilik k\u0131rsal\u0131ndaki Kafr Nabuda k\u00f6y\u00fcnde ter\u00f6ristler taraf\u0131ndan b\u0131rak\u0131lan m\u00fchimmat deposuna el koydu.<\/p>\n<p>\u0130\u00e7i\u015fleri Bakanl\u0131\u011f\u0131 yay\u0131nlad\u0131\u011f\u0131 ve SANA&#8217;n\u0131n n\u00fcshas\u0131n\u0131n ald\u0131\u011f\u0131 beyanda, Afamia il\u00e7esi polislerinin valilik k\u0131rsal\u0131ndaki Kafr Nabuda k\u00f6y\u00fcndeki terk edilmi\u015f evlerden birinde m\u00fchimmat kutular\u0131 bulunan bir depoya el koymay\u0131 ba\u015fard\u0131\u011f\u0131 belirtildi.<\/p>\n<p>Beyanda, s\u00f6z konusu deponun, Farkl\u0131 kalibrelerde mermiler ve RPJ kartu\u015flar\u0131 i\u00e7eren 73 ah\u015fap kutu i\u00e7erdi\u011fine i\u015faret etti.<\/p>\n<div id='gallery-1' class='gallery galleryid-251357 gallery-columns-1 gallery-size-full'><figure class='gallery-item'>\n\t\t\t<div class='gallery-icon landscape'>\n\t\t\t\t<a href='https:\/\/archive.sana.sy\/tr\/wp-content\/uploads\/2022\/03\/Untitled-8-16.jpg'><img loading=\"lazy\" decoding=\"async\" width=\"660\" height=\"370\" src=\"https:\/\/archive.sana.sy\/tr\/wp-content\/uploads\/2022\/03\/Untitled-8-16.jpg\" class=\"attachment-full size-full\" alt=\"\" srcset=\"https:\/\/archive.sana.sy\/tr\/wp-content\/uploads\/2022\/03\/Untitled-8-16.jpg 660w, https:\/\/archive.sana.sy\/tr\/wp-content\/uploads\/2022\/03\/Untitled-8-16-300x168.jpg 300w, https:\/\/archive.sana.sy\/tr\/wp-content\/uploads\/2022\/03\/Untitled-8-16-150x84.jpg 150w\" sizes=\"auto, (max-width: 660px) 100vw, 660px\" \/><\/a>\n\t\t\t<\/div><\/figure><figure class='gallery-item'>\n\t\t\t<div class='gallery-icon portrait'>\n\t\t\t\t<a href='https:\/\/archive.sana.sy\/tr\/wp-content\/uploads\/2022\/03\/Untitled-9-11.jpg'><img loading=\"lazy\" decoding=\"async\" width=\"660\" height=\"880\" src=\"https:\/\/archive.sana.sy\/tr\/wp-content\/uploads\/2022\/03\/Untitled-9-11.jpg\" class=\"attachment-full size-full\" alt=\"\" srcset=\"https:\/\/archive.sana.sy\/tr\/wp-content\/uploads\/2022\/03\/Untitled-9-11.jpg 660w, https:\/\/archive.sana.sy\/tr\/wp-content\/uploads\/2022\/03\/Untitled-9-11-225x300.jpg 225w, https:\/\/archive.sana.sy\/tr\/wp-content\/uploads\/2022\/03\/Untitled-9-11-113x150.jpg 113w\" sizes=\"auto, (max-width: 660px) 100vw, 660px\" \/><\/a>\n\t\t\t<\/div><\/figure><figure class='gallery-item'>\n\t\t\t<div class='gallery-icon landscape'>\n\t\t\t\t<a href='https:\/\/archive.sana.sy\/tr\/wp-content\/uploads\/2022\/03\/Untitled-10-7.jpg'><img loading=\"lazy\" decoding=\"async\" width=\"660\" height=\"495\" src=\"https:\/\/archive.sana.sy\/tr\/wp-content\/uploads\/2022\/03\/Untitled-10-7.jpg\" class=\"attachment-full size-full\" alt=\"\" srcset=\"https:\/\/archive.sana.sy\/tr\/wp-content\/uploads\/2022\/03\/Untitled-10-7.jpg 660w, https:\/\/archive.sana.sy\/tr\/wp-content\/uploads\/2022\/03\/Untitled-10-7-300x225.jpg 300w, https:\/\/archive.sana.sy\/tr\/wp-content\/uploads\/2022\/03\/Untitled-10-7-150x113.jpg 150w\" sizes=\"auto, (max-width: 660px) 100vw, 660px\" \/><\/a>\n\t\t\t<\/div><\/figure><figure class='gallery-item'>\n\t\t\t<div class='gallery-icon landscape'>\n\t\t\t\t<a href='https:\/\/archive.sana.sy\/tr\/wp-content\/uploads\/2022\/03\/Untitled-11-3.jpg'><img loading=\"lazy\" decoding=\"async\" width=\"660\" height=\"345\" src=\"https:\/\/archive.sana.sy\/tr\/wp-content\/uploads\/2022\/03\/Untitled-11-3.jpg\" class=\"attachment-full size-full\" alt=\"\" srcset=\"https:\/\/archive.sana.sy\/tr\/wp-content\/uploads\/2022\/03\/Untitled-11-3.jpg 660w, https:\/\/archive.sana.sy\/tr\/wp-content\/uploads\/2022\/03\/Untitled-11-3-300x157.jpg 300w, https:\/\/archive.sana.sy\/tr\/wp-content\/uploads\/2022\/03\/Untitled-11-3-150x78.jpg 150w\" sizes=\"auto, (max-width: 660px) 100vw, 660px\" \/><\/a>\n\t\t\t<\/div><\/figure>\n\t\t<\/div>\n\n","protected":false},"excerpt":{"rendered":"<p>HAMA \u2013 Hama vilayetinde yer alan El \u011eab b\u00f6lgesine ba\u011fl\u0131 Afamia il\u00e7esinde polisler, valilik k\u0131rsal\u0131ndaki Kafr Nabuda k\u00f6y\u00fcnde ter\u00f6ristler taraf\u0131ndan b\u0131rak\u0131lan m\u00fchimmat deposuna el koydu. \u0130\u00e7i\u015fleri Bakanl\u0131\u011f\u0131 yay\u0131nlad\u0131\u011f\u0131 ve SANA&#8217;n\u0131n n\u00fcshas\u0131n\u0131n ald\u0131\u011f\u0131 beyanda, Afamia il\u00e7esi polislerinin valilik k\u0131rsal\u0131ndaki Kafr Nabuda k\u00f6y\u00fcndeki terk edilmi\u015f evlerden birinde m\u00fchimmat kutular\u0131 bulunan bir depoya el koymay\u0131 ba\u015fard\u0131\u011f\u0131 belirtildi. Beyanda, &hellip;<\/p>\n","protected":false},"author":36,"featured_media":251358,"comment_status":"closed","ping_status":"closed","sticky":false,"template":"","format":"standard","meta":{"footnotes":""},"categories":[596,479,575,17988,478],"tags":[],"class_list":["post-251357","post","type-post","status-publish","format-standard","has-post-thumbnail","","category-fotografli-raporlar","category-haberler-yerel","category-olaylar-ve-gercekler","category-son-haberler","category-yerel"],"_links":{"self":[{"href":"https:\/\/archive.sana.sy\/tr\/index.php?rest_route=\/wp\/v2\/posts\/251357","targetHints":{"allow":["GET"]}}],"collection":[{"href":"https:\/\/archive.sana.sy\/tr\/index.php?rest_route=\/wp\/v2\/posts"}],"about":[{"href":"https:\/\/archive.sana.sy\/tr\/index.php?rest_route=\/wp\/v2\/types\/post"}],"author":[{"embeddable":true,"href":"https:\/\/archive.sana.sy\/tr\/index.php?rest_route=\/wp\/v2\/users\/36"}],"replies":[{"embeddable":true,"href":"https:\/\/archive.sana.sy\/tr\/index.php?rest_route=%2Fwp%2Fv2%2Fcomments&post=251357"}],"version-history":[{"count":0,"href":"https:\/\/archive.sana.sy\/tr\/index.php?rest_route=\/wp\/v2\/posts\/251357\/revisions"}],"wp:featuredmedia":[{"embeddable":true,"href":"https:\/\/archive.sana.sy\/tr\/index.php?rest_route=\/wp\/v2\/media\/251358"}],"wp:attachment":[{"href":"https:\/\/archive.sana.sy\/tr\/index.php?rest_route=%2Fwp%2Fv2%2Fmedia&parent=251357"}],"wp:term":[{"taxonomy":"category","embeddable":true,"href":"https:\/\/archive.sana.sy\/tr\/index.php?rest_route=%2Fwp%2Fv2%2Fcategories&post=251357"},{"taxonomy":"post_tag","embeddable":true,"href":"https:\/\/archive.sana.sy\/tr\/index.php?rest_route=%2Fwp%2Fv2%2Ftags&post=251357"}],"curies":[{"name":"wp","href":"https:\/\/api.w.org\/{rel}","templated":true}]}}