{"id":25138,"date":"2015-02-28T20:30:51","date_gmt":"2015-02-28T18:30:51","guid":{"rendered":"http:\/\/www.sana.sy\/tr\/?p=25138"},"modified":"2015-03-01T17:08:56","modified_gmt":"2015-03-01T15:08:56","slug":"genelkurmay-baskani-ordunun-teroristlerden-temizledigi-beldelere-saha-gezisinde-bulundu%e2%80%8f","status":"publish","type":"post","link":"https:\/\/archive.sana.sy\/tr\/?p=25138","title":{"rendered":"Genelkurmay Ba\u015fkan\u0131 Ordunun Ter\u00f6ristlerden Temizledi\u011fi Beldelere Saha Gezisinde Bulundu\u200f"},"content":{"rendered":"<p>\u015eAM \u2013 Genelkurmay ba\u015fkan\u0131 Korgeneral Ali Abdullah Eyy\u00fcp bug\u00fcn sabah saatlerinde genel komutanl\u0131kta \u00fcst d\u00fczey general ve subaylar\u0131n e\u015fli\u011finde G\u00fcney B\u00f6lgesinde askeri birliklerimize saha gezisinde bulundu.<\/p>\n<p><a href=\"http:\/\/www.sana.sy\/tr\/wp-content\/uploads\/2015\/02\/\u0632\u064a\u0627\u0631\u0629-\u0627\u0644\u0639\u0645\u0627\u062f-\u0623\u064a\u0648\u0628.Still013.jpg\"><img loading=\"lazy\" decoding=\"async\" class=\"alignright wp-image-25143 size-medium\" src=\"http:\/\/www.sana.sy\/tr\/wp-content\/uploads\/2015\/02\/\u0632\u064a\u0627\u0631\u0629-\u0627\u0644\u0639\u0645\u0627\u062f-\u0623\u064a\u0648\u0628.Still013-300x225.jpg\" alt=\"\u0632\u064a\u0627\u0631\u0629 \u0627\u0644\u0639\u0645\u0627\u062f \u0623\u064a\u0648\u0628.Still013\" width=\"300\" height=\"225\" srcset=\"https:\/\/archive.sana.sy\/tr\/wp-content\/uploads\/2015\/02\/\u0632\u064a\u0627\u0631\u0629-\u0627\u0644\u0639\u0645\u0627\u062f-\u0623\u064a\u0648\u0628.Still013-300x225.jpg 300w, https:\/\/archive.sana.sy\/tr\/wp-content\/uploads\/2015\/02\/\u0632\u064a\u0627\u0631\u0629-\u0627\u0644\u0639\u0645\u0627\u062f-\u0623\u064a\u0648\u0628.Still013-150x113.jpg 150w, https:\/\/archive.sana.sy\/tr\/wp-content\/uploads\/2015\/02\/\u0632\u064a\u0627\u0631\u0629-\u0627\u0644\u0639\u0645\u0627\u062f-\u0623\u064a\u0648\u0628.Still013-1024x768.jpg 1024w, https:\/\/archive.sana.sy\/tr\/wp-content\/uploads\/2015\/02\/\u0632\u064a\u0627\u0631\u0629-\u0627\u0644\u0639\u0645\u0627\u062f-\u0623\u064a\u0648\u0628.Still013.jpg 1440w\" sizes=\"auto, (max-width: 300px) 100vw, 300px\" \/><\/a>Korgeneral Eyy\u00fcp saha gezisinde ordu birliklerimizin bug\u00fcn \u015eam k\u0131rsal\u0131n\u0131n bat\u0131s\u0131nda ter\u00f6r \u00e7etelerinden temizleyip ahalinin g\u00fcvenli\u011fini sa\u011flad\u0131\u011f\u0131 Hebbariye, Hurbat Sultana ve Hamrit beldelerini dola\u015ft\u0131.<\/p>\n<p>Ordu birliklerimizin operasyonlar\u0131n\u0131 ve durumlar\u0131n\u0131 yak\u0131ndan g\u00f6zlemleyen Genelkurmay Ba\u015fkan\u0131; Ordu ve Silahl\u0131 Kuvvetler Genel Komutan\u0131 Orgenral Be\u015f\u015far el Esad\u2019\u0131n kahraman askerlere selam ve takdirlerini iletti.<\/p>\n<p>Genelkurmay Ba\u015fkan\u0131 Korgeneral Eyy\u00fcp b\u00f6lgedeki saha komutanlar\u0131ndan, ter\u00f6ristlere kar\u015f\u0131 operasyonlar\u0131n\u0131n ko\u015ful ve ayr\u0131nt\u0131lar\u0131 hakk\u0131nda bilgi ald\u0131.<\/p>\n<p>Ordu birliklerimizin halk savunma g\u00fc\u00e7leri ile i\u015fbirli\u011fi i\u00e7inde ter\u00f6re kar\u015f\u0131 sa\u011flad\u0131\u011f\u0131 zaferlerin takdire \u015fayan oldu\u011funu ifade eden Eyy\u00fcp; vatan koruyucular\u0131m\u0131z\u0131n kim olursa olsun vatan topraklar\u0131n\u0131 hedef alacak herkese azim ve kararl\u0131l\u0131kla kar\u015f\u0131 koymaya devam edece\u011finin alt\u0131n\u0131 \u00e7izdi.<\/p>\n<p>Genelkurmay Ba\u015fkan\u0131 Korgeneral Eyy\u00fcp saha gezisinin bitiminde kahramanlar\u0131m\u0131za gerekli y\u00f6nlendirmelerde bulunurken; \u015fehitlerimizin kanlar\u0131n\u0131n vicdan\u0131m\u0131zda sonsuz kadar yolumuzu ayd\u0131nlatan me\u015faleler olarak kalaca\u011f\u0131n\u0131n alt\u0131n\u0131 \u00e7izdi.<\/p>\n<p>Kahraman ordu birliklerimiz ter\u00f6r\u00fcn her \u015fekline kar\u015f\u0131 koyma ve vatan topraklar\u0131na uzanan elleri koparma taahh\u00fctlerini yinelerken Suriye&#8217;yi toprak ve halk olarak koruman\u0131n temel vacipleri oldu\u011funu vurgulad\u0131.<\/p>\n<p>Kahramanlar Suriye&#8217;nin, d\u00fc\u015fmanlar\u0131n hayallerinin \u00fcst\u00fcnde par\u00e7alan\u0131p da\u011f\u0131laca\u011f\u0131 kaya olaca\u011f\u0131n\u0131 ifade etti.<\/p>\n<p><a href=\"https:\/\/www.youtube.com\/watch?v=im51NCzVZuQ\">https:\/\/www.youtube.com\/watch?v=im51NCzVZuQ<\/a><\/p>\n<p>A.A. &#8211; M.M. &#8211; R.H.<\/p>\n","protected":false},"excerpt":{"rendered":"<p>\u015eAM \u2013 Genelkurmay ba\u015fkan\u0131 Korgeneral Ali Abdullah Eyy\u00fcp bug\u00fcn sabah saatlerinde genel komutanl\u0131kta \u00fcst d\u00fczey general ve subaylar\u0131n e\u015fli\u011finde G\u00fcney B\u00f6lgesinde askeri birliklerimize saha gezisinde bulundu. Korgeneral Eyy\u00fcp saha gezisinde ordu birliklerimizin bug\u00fcn \u015eam k\u0131rsal\u0131n\u0131n bat\u0131s\u0131nda ter\u00f6r \u00e7etelerinden temizleyip ahalinin g\u00fcvenli\u011fini sa\u011flad\u0131\u011f\u0131 Hebbariye, Hurbat Sultana ve Hamrit beldelerini dola\u015ft\u0131. Ordu birliklerimizin operasyonlar\u0131n\u0131 ve durumlar\u0131n\u0131 yak\u0131ndan &hellip;<\/p>\n","protected":false},"author":1,"featured_media":25139,"comment_status":"closed","ping_status":"closed","sticky":false,"template":"","format":"standard","meta":{"footnotes":""},"categories":[575],"tags":[11973,11972],"class_list":["post-25138","post","type-post","status-publish","format-standard","has-post-thumbnail","","category-olaylar-ve-gercekler","tag-genelkurmay-baskani-ordunun-teroristlerden-temizledigi-beldelere-saha-gezisinde-bulundu","tag-sam-genelkurmay-baskani-korgeneral-ali-abdullah-eyyup-bugun-sabah-saatlerinde-genel-komutanlikta-ust-duzey-general-ve-subaylarin-esliginde-guney-bolgesinde-askeri-birliklerimize-saha-gezisin"],"_links":{"self":[{"href":"https:\/\/archive.sana.sy\/tr\/index.php?rest_route=\/wp\/v2\/posts\/25138","targetHints":{"allow":["GET"]}}],"collection":[{"href":"https:\/\/archive.sana.sy\/tr\/index.php?rest_route=\/wp\/v2\/posts"}],"about":[{"href":"https:\/\/archive.sana.sy\/tr\/index.php?rest_route=\/wp\/v2\/types\/post"}],"author":[{"embeddable":true,"href":"https:\/\/archive.sana.sy\/tr\/index.php?rest_route=\/wp\/v2\/users\/1"}],"replies":[{"embeddable":true,"href":"https:\/\/archive.sana.sy\/tr\/index.php?rest_route=%2Fwp%2Fv2%2Fcomments&post=25138"}],"version-history":[{"count":0,"href":"https:\/\/archive.sana.sy\/tr\/index.php?rest_route=\/wp\/v2\/posts\/25138\/revisions"}],"wp:featuredmedia":[{"embeddable":true,"href":"https:\/\/archive.sana.sy\/tr\/index.php?rest_route=\/wp\/v2\/media\/25139"}],"wp:attachment":[{"href":"https:\/\/archive.sana.sy\/tr\/index.php?rest_route=%2Fwp%2Fv2%2Fmedia&parent=25138"}],"wp:term":[{"taxonomy":"category","embeddable":true,"href":"https:\/\/archive.sana.sy\/tr\/index.php?rest_route=%2Fwp%2Fv2%2Fcategories&post=25138"},{"taxonomy":"post_tag","embeddable":true,"href":"https:\/\/archive.sana.sy\/tr\/index.php?rest_route=%2Fwp%2Fv2%2Ftags&post=25138"}],"curies":[{"name":"wp","href":"https:\/\/api.w.org\/{rel}","templated":true}]}}