{"id":251397,"date":"2022-03-12T12:25:12","date_gmt":"2022-03-12T10:25:12","guid":{"rendered":"http:\/\/107.6.182.27\/tr\/?p=251397"},"modified":"2022-03-13T08:27:59","modified_gmt":"2022-03-13T06:27:59","slug":"amerikan-isgali-calinti-suriye-petrolu-tasiyan-yeni-bir-konvoy-iraka-dogru-cikardi-3","status":"publish","type":"post","link":"https:\/\/archive.sana.sy\/tr\/?p=251397","title":{"rendered":"Amerikan \u0130\u015fgali \u00c7al\u0131nt\u0131 Suriye Petrol\u00fc Ta\u015f\u0131yan Yeni Bir Konvoy Irak\u2019a Do\u011fru \u00c7\u0131kard\u0131"},"content":{"rendered":"<p>HASEKE \u2013 Suriye\u2019nin El Cezire b\u00f6lgesinden Suriye kaynaklar\u0131n\u0131 \u00e7almaya devam eden Amerikan i\u015fgal g\u00fc\u00e7leri, bug\u00fcn petrol y\u00fckl\u00fc 24 tankeri Kuzey Irak&#8217;taki \u00fcslerine \u00e7\u0131kard\u0131.<\/p>\n<p>Yerel kaynaklar SANA muhabirine yapt\u0131\u011f\u0131 a\u00e7\u0131klamada, &#8220;\u00c7al\u0131nt\u0131 Suriye petrol\u00fc y\u00fckl\u00fc 24 tanker, Kuzey Irak&#8217;a giderken Amerikan i\u015fgaline ait z\u0131rhl\u0131 ara\u00e7larla birlikte Haseke k\u0131rsal\u0131n\u0131n do\u011fusunda yer alan El Yarubiye semtindeki yasad\u0131\u015f\u0131 El Velid ge\u00e7i\u015fine y\u00f6neldi&#8221; dedi.<\/p>\n","protected":false},"excerpt":{"rendered":"<p>HASEKE \u2013 Suriye\u2019nin El Cezire b\u00f6lgesinden Suriye kaynaklar\u0131n\u0131 \u00e7almaya devam eden Amerikan i\u015fgal g\u00fc\u00e7leri, bug\u00fcn petrol y\u00fckl\u00fc 24 tankeri Kuzey Irak&#8217;taki \u00fcslerine \u00e7\u0131kard\u0131. Yerel kaynaklar SANA muhabirine yapt\u0131\u011f\u0131 a\u00e7\u0131klamada, &#8220;\u00c7al\u0131nt\u0131 Suriye petrol\u00fc y\u00fckl\u00fc 24 tanker, Kuzey Irak&#8217;a giderken Amerikan i\u015fgaline ait z\u0131rhl\u0131 ara\u00e7larla birlikte Haseke k\u0131rsal\u0131n\u0131n do\u011fusunda yer alan El Yarubiye semtindeki yasad\u0131\u015f\u0131 El Velid &hellip;<\/p>\n","protected":false},"author":36,"featured_media":251398,"comment_status":"closed","ping_status":"closed","sticky":false,"template":"","format":"standard","meta":{"footnotes":""},"categories":[479,575,17988,478],"tags":[],"class_list":["post-251397","post","type-post","status-publish","format-standard","has-post-thumbnail","","category-haberler-yerel","category-olaylar-ve-gercekler","category-son-haberler","category-yerel"],"_links":{"self":[{"href":"https:\/\/archive.sana.sy\/tr\/index.php?rest_route=\/wp\/v2\/posts\/251397","targetHints":{"allow":["GET"]}}],"collection":[{"href":"https:\/\/archive.sana.sy\/tr\/index.php?rest_route=\/wp\/v2\/posts"}],"about":[{"href":"https:\/\/archive.sana.sy\/tr\/index.php?rest_route=\/wp\/v2\/types\/post"}],"author":[{"embeddable":true,"href":"https:\/\/archive.sana.sy\/tr\/index.php?rest_route=\/wp\/v2\/users\/36"}],"replies":[{"embeddable":true,"href":"https:\/\/archive.sana.sy\/tr\/index.php?rest_route=%2Fwp%2Fv2%2Fcomments&post=251397"}],"version-history":[{"count":0,"href":"https:\/\/archive.sana.sy\/tr\/index.php?rest_route=\/wp\/v2\/posts\/251397\/revisions"}],"wp:featuredmedia":[{"embeddable":true,"href":"https:\/\/archive.sana.sy\/tr\/index.php?rest_route=\/wp\/v2\/media\/251398"}],"wp:attachment":[{"href":"https:\/\/archive.sana.sy\/tr\/index.php?rest_route=%2Fwp%2Fv2%2Fmedia&parent=251397"}],"wp:term":[{"taxonomy":"category","embeddable":true,"href":"https:\/\/archive.sana.sy\/tr\/index.php?rest_route=%2Fwp%2Fv2%2Fcategories&post=251397"},{"taxonomy":"post_tag","embeddable":true,"href":"https:\/\/archive.sana.sy\/tr\/index.php?rest_route=%2Fwp%2Fv2%2Ftags&post=251397"}],"curies":[{"name":"wp","href":"https:\/\/api.w.org\/{rel}","templated":true}]}}