{"id":251436,"date":"2022-03-12T19:57:51","date_gmt":"2022-03-12T17:57:51","guid":{"rendered":"http:\/\/107.6.182.27\/tr\/?p=251436"},"modified":"2022-03-16T08:48:07","modified_gmt":"2022-03-16T06:48:07","slug":"deyrezzor-kirsalinda-iki-ayri-saldirida-dsgden-bir-silahli-olduruldu-bazilari-da-yaralandi","status":"publish","type":"post","link":"https:\/\/archive.sana.sy\/tr\/?p=251436","title":{"rendered":"Deyrezzor K\u0131rsal\u0131nda \u0130ki Ayr\u0131 Sald\u0131r\u0131da DSG&#8217;den Bir Silahl\u0131 \u00d6ld\u00fcr\u00fcld\u00fc Baz\u0131lar\u0131 Da Yaraland\u0131"},"content":{"rendered":"<p style=\"text-align: justify;\">DEYREZZOR &#8211; Deyrezzor k\u0131rsal\u0131nda milis hareketlerini hedef alan halk gruplar\u0131n\u0131n iki ayr\u0131 sald\u0131r\u0131s\u0131n\u0131n ard\u0131ndan, ABD i\u015fgal g\u00fc\u00e7leri taraf\u0131ndan desteklenen &#8220;DSG&#8221; milislerinin silahl\u0131 bir \u00fcyesi \u00f6ld\u00fcr\u00fcld\u00fc, baz\u0131lar\u0131 da ayr\u0131 sald\u0131r\u0131larda yaraland\u0131.<\/p>\n<p style=\"text-align: justify;\">Yerel kaynaklar SANA muhabirine a\u00e7\u0131klamalar\u0131nda, halk gruplar\u0131 taraf\u0131ndan ger\u00e7ekle\u015ftirilen bir makineli t\u00fcfek sald\u0131r\u0131s\u0131n\u0131n, Deyrezzor&#8217;un do\u011fu k\u0131rsal\u0131ndaki El Zirr k\u00f6y\u00fc yak\u0131nlar\u0131ndaki &#8220;DSG&#8221; milislerinin askeri bir noktas\u0131n\u0131 hedef ald\u0131\u011f\u0131n\u0131 ve bunun sonucunda silahl\u0131 bir ki\u015finin \u00f6ld\u00fcr\u00fclmesine neden oldu\u011funu, ba\u015fkalar\u0131n\u0131n \u00a0da yaralanmas\u0131, ayr\u0131ca baz\u0131 ara\u00e7lar\u0131n\u0131n da \u00e7al\u0131\u015famaz hale getirildi\u011fini s\u00f6yledi.<\/p>\n<p style=\"text-align: justify;\">Kaynaklar, pop\u00fcler gruplar taraf\u0131ndan ger\u00e7ekle\u015ftirilen ba\u015fka bir sald\u0131r\u0131n\u0131n, Deyrezzor&#8217;un do\u011fu k\u0131rsal\u0131ndaki Al Sabha beldesindeki milislere y\u00f6nelik bir askeri kontrol noktas\u0131n\u0131 hedef ald\u0131\u011f\u0131n\u0131 ve bu kontrol noktas\u0131ndaki silahl\u0131 ki\u015filer aras\u0131nda \u00e7ok say\u0131da yaralanmaya yol a\u00e7t\u0131\u011f\u0131na dikkat \u00e7ekti.<\/p>\n","protected":false},"excerpt":{"rendered":"<p>DEYREZZOR &#8211; Deyrezzor k\u0131rsal\u0131nda milis hareketlerini hedef alan halk gruplar\u0131n\u0131n iki ayr\u0131 sald\u0131r\u0131s\u0131n\u0131n ard\u0131ndan, ABD i\u015fgal g\u00fc\u00e7leri taraf\u0131ndan desteklenen &#8220;DSG&#8221; milislerinin silahl\u0131 bir \u00fcyesi \u00f6ld\u00fcr\u00fcld\u00fc, baz\u0131lar\u0131 da ayr\u0131 sald\u0131r\u0131larda yaraland\u0131. Yerel kaynaklar SANA muhabirine a\u00e7\u0131klamalar\u0131nda, halk gruplar\u0131 taraf\u0131ndan ger\u00e7ekle\u015ftirilen bir makineli t\u00fcfek sald\u0131r\u0131s\u0131n\u0131n, Deyrezzor&#8217;un do\u011fu k\u0131rsal\u0131ndaki El Zirr k\u00f6y\u00fc yak\u0131nlar\u0131ndaki &#8220;DSG&#8221; milislerinin askeri bir noktas\u0131n\u0131 &hellip;<\/p>\n","protected":false},"author":1,"featured_media":251437,"comment_status":"closed","ping_status":"closed","sticky":false,"template":"","format":"standard","meta":{"footnotes":""},"categories":[479,575,17988,478],"tags":[],"class_list":["post-251436","post","type-post","status-publish","format-standard","has-post-thumbnail","","category-haberler-yerel","category-olaylar-ve-gercekler","category-son-haberler","category-yerel"],"_links":{"self":[{"href":"https:\/\/archive.sana.sy\/tr\/index.php?rest_route=\/wp\/v2\/posts\/251436","targetHints":{"allow":["GET"]}}],"collection":[{"href":"https:\/\/archive.sana.sy\/tr\/index.php?rest_route=\/wp\/v2\/posts"}],"about":[{"href":"https:\/\/archive.sana.sy\/tr\/index.php?rest_route=\/wp\/v2\/types\/post"}],"author":[{"embeddable":true,"href":"https:\/\/archive.sana.sy\/tr\/index.php?rest_route=\/wp\/v2\/users\/1"}],"replies":[{"embeddable":true,"href":"https:\/\/archive.sana.sy\/tr\/index.php?rest_route=%2Fwp%2Fv2%2Fcomments&post=251436"}],"version-history":[{"count":0,"href":"https:\/\/archive.sana.sy\/tr\/index.php?rest_route=\/wp\/v2\/posts\/251436\/revisions"}],"wp:featuredmedia":[{"embeddable":true,"href":"https:\/\/archive.sana.sy\/tr\/index.php?rest_route=\/wp\/v2\/media\/251437"}],"wp:attachment":[{"href":"https:\/\/archive.sana.sy\/tr\/index.php?rest_route=%2Fwp%2Fv2%2Fmedia&parent=251436"}],"wp:term":[{"taxonomy":"category","embeddable":true,"href":"https:\/\/archive.sana.sy\/tr\/index.php?rest_route=%2Fwp%2Fv2%2Fcategories&post=251436"},{"taxonomy":"post_tag","embeddable":true,"href":"https:\/\/archive.sana.sy\/tr\/index.php?rest_route=%2Fwp%2Fv2%2Ftags&post=251436"}],"curies":[{"name":"wp","href":"https:\/\/api.w.org\/{rel}","templated":true}]}}