{"id":251442,"date":"2022-03-12T23:52:47","date_gmt":"2022-03-12T21:52:47","guid":{"rendered":"http:\/\/107.6.182.27\/tr\/?p=251442"},"modified":"2022-03-16T08:48:11","modified_gmt":"2022-03-16T06:48:11","slug":"dsg-milisleri-haseke-kirsalina-baskin-duzenleyip-birkac-sivili-kacirdi","status":"publish","type":"post","link":"https:\/\/archive.sana.sy\/tr\/?p=251442","title":{"rendered":"DSG Milisleri Haseke K\u0131rsal\u0131nda 6 K\u00f6ye Bask\u0131n D\u00fczenledi \u00c7ok Say\u0131da Sivili Ka\u00e7\u0131rd\u0131"},"content":{"rendered":"<p>HASEKE- &#8220;DSG&#8221; milisleri, Amerikan i\u015fgal g\u00fc\u00e7lerinin deste\u011fiyle Haseke kentinin g\u00fcney k\u0131rsal\u0131ndaki bir grup k\u00f6y\u00fc de i\u00e7ine alan bask\u0131nlar d\u00fczenledi.<\/p>\n<p>Sivil kaynaklar SANA muhabirine a\u00e7\u0131klamalar\u0131nda, &#8220;DSG&#8221; milislerinin Al Hamadaniyye, Al Hariri, Al Re\u015fidiye, Al \u011earb, Al Attala ve Al Ari\u015fe k\u00f6ylerini i\u00e7eren bir bask\u0131n hamlesi d\u00fczenledi\u011fini, baz\u0131 vatanda\u015flar\u0131 ka\u00e7\u0131rd\u0131\u011f\u0131n\u0131 ve bilinmeyen y\u00f6ne s\u00fcrd\u00fcklerini s\u00f6yledi.<\/p>\n<p>Kaynaklar, milislerin g\u00fcvenlik \u00f6nlemlerini s\u0131k\u0131la\u015ft\u0131rd\u0131\u011f\u0131na ve b\u00f6lgedeki kontrol noktalar\u0131n\u0131 yo\u011funla\u015ft\u0131rd\u0131\u011f\u0131na dikkat \u00e7ekti.<\/p>\n","protected":false},"excerpt":{"rendered":"<p>HASEKE- &#8220;DSG&#8221; milisleri, Amerikan i\u015fgal g\u00fc\u00e7lerinin deste\u011fiyle Haseke kentinin g\u00fcney k\u0131rsal\u0131ndaki bir grup k\u00f6y\u00fc de i\u00e7ine alan bask\u0131nlar d\u00fczenledi. Sivil kaynaklar SANA muhabirine a\u00e7\u0131klamalar\u0131nda, &#8220;DSG&#8221; milislerinin Al Hamadaniyye, Al Hariri, Al Re\u015fidiye, Al \u011earb, Al Attala ve Al Ari\u015fe k\u00f6ylerini i\u00e7eren bir bask\u0131n hamlesi d\u00fczenledi\u011fini, baz\u0131 vatanda\u015flar\u0131 ka\u00e7\u0131rd\u0131\u011f\u0131n\u0131 ve bilinmeyen y\u00f6ne s\u00fcrd\u00fcklerini s\u00f6yledi. Kaynaklar, milislerin &hellip;<\/p>\n","protected":false},"author":36,"featured_media":251446,"comment_status":"closed","ping_status":"closed","sticky":false,"template":"","format":"standard","meta":{"footnotes":""},"categories":[479,575,17988,478],"tags":[],"class_list":["post-251442","post","type-post","status-publish","format-standard","has-post-thumbnail","","category-haberler-yerel","category-olaylar-ve-gercekler","category-son-haberler","category-yerel"],"_links":{"self":[{"href":"https:\/\/archive.sana.sy\/tr\/index.php?rest_route=\/wp\/v2\/posts\/251442","targetHints":{"allow":["GET"]}}],"collection":[{"href":"https:\/\/archive.sana.sy\/tr\/index.php?rest_route=\/wp\/v2\/posts"}],"about":[{"href":"https:\/\/archive.sana.sy\/tr\/index.php?rest_route=\/wp\/v2\/types\/post"}],"author":[{"embeddable":true,"href":"https:\/\/archive.sana.sy\/tr\/index.php?rest_route=\/wp\/v2\/users\/36"}],"replies":[{"embeddable":true,"href":"https:\/\/archive.sana.sy\/tr\/index.php?rest_route=%2Fwp%2Fv2%2Fcomments&post=251442"}],"version-history":[{"count":0,"href":"https:\/\/archive.sana.sy\/tr\/index.php?rest_route=\/wp\/v2\/posts\/251442\/revisions"}],"wp:featuredmedia":[{"embeddable":true,"href":"https:\/\/archive.sana.sy\/tr\/index.php?rest_route=\/wp\/v2\/media\/251446"}],"wp:attachment":[{"href":"https:\/\/archive.sana.sy\/tr\/index.php?rest_route=%2Fwp%2Fv2%2Fmedia&parent=251442"}],"wp:term":[{"taxonomy":"category","embeddable":true,"href":"https:\/\/archive.sana.sy\/tr\/index.php?rest_route=%2Fwp%2Fv2%2Fcategories&post=251442"},{"taxonomy":"post_tag","embeddable":true,"href":"https:\/\/archive.sana.sy\/tr\/index.php?rest_route=%2Fwp%2Fv2%2Ftags&post=251442"}],"curies":[{"name":"wp","href":"https:\/\/api.w.org\/{rel}","templated":true}]}}