{"id":25146,"date":"2015-02-28T23:40:52","date_gmt":"2015-02-28T21:40:52","guid":{"rendered":"http:\/\/www.sana.sy\/tr\/?p=25146"},"modified":"2015-03-01T16:07:18","modified_gmt":"2015-03-01T14:07:18","slug":"muallim-de-misturayi-kabul-etti","status":"publish","type":"post","link":"https:\/\/archive.sana.sy\/tr\/?p=25146","title":{"rendered":"Muallim de Mistura\u2019y\u0131 Kabul Etti"},"content":{"rendered":"<p>\u015eAM \u2013 Ba\u015fbakan Yard\u0131mc\u0131s\u0131 D\u0131\u015fi\u015fleri ve Gurbet\u00e7iler Bakan\u0131 Velid el Muallim bug\u00fcn ak\u015fam saatlerinde Birle\u015fmi\u015f Milletler genel sekreterinin Suriye \u00f6zel temsilcisi Stafan de Mistura ve ona e\u015flik eden heyeti kabul etti.<\/p>\n<p><a href=\"http:\/\/www.sana.sy\/tr\/wp-content\/uploads\/2015\/02\/Muallim-14.jpg\"><img loading=\"lazy\" decoding=\"async\" class=\"alignright wp-image-25148 size-medium\" src=\"http:\/\/www.sana.sy\/tr\/wp-content\/uploads\/2015\/02\/Muallim-14-300x160.jpg\" alt=\"Muallim 1\" width=\"300\" height=\"160\" srcset=\"https:\/\/archive.sana.sy\/tr\/wp-content\/uploads\/2015\/02\/Muallim-14-300x160.jpg 300w, https:\/\/archive.sana.sy\/tr\/wp-content\/uploads\/2015\/02\/Muallim-14-150x80.jpg 150w, https:\/\/archive.sana.sy\/tr\/wp-content\/uploads\/2015\/02\/Muallim-14.jpg 620w\" sizes=\"auto, (max-width: 300px) 100vw, 300px\" \/><\/a>G\u00f6r\u00fc\u015fmede de Mistura\u2019n\u0131n Halep Kentinde \u00e7at\u0131\u015fmalar\u0131n dondurulmas\u0131na ili\u015fkin plan\u0131ndaki son geli\u015fmeler masaya yat\u0131r\u0131l\u0131rken; Halep\u2019te durumlar\u0131n incelenmesi \u00fczere de Mistura\u2019n\u0131n \u015eam\u2019daki ofisinden bir heyetin Halep\u2019e g\u00f6nderilmesi \u00fczerine anla\u015fmaya var\u0131ld\u0131.<\/p>\n<p>G\u00f6r\u00fc\u015fmeye D\u0131\u015fi\u015fleri ve Gurbet\u00e7iler Bakan\u0131 Yard\u0131mc\u0131s\u0131 Faysal Mikdat ve bakan m\u00fcste\u015far\u0131 Ahmet Arnus kat\u0131ld\u0131.<\/p>\n<p>A.A. &#8211; M.M.<\/p>\n","protected":false},"excerpt":{"rendered":"<p>\u015eAM \u2013 Ba\u015fbakan Yard\u0131mc\u0131s\u0131 D\u0131\u015fi\u015fleri ve Gurbet\u00e7iler Bakan\u0131 Velid el Muallim bug\u00fcn ak\u015fam saatlerinde Birle\u015fmi\u015f Milletler genel sekreterinin Suriye \u00f6zel temsilcisi Stafan de Mistura ve ona e\u015flik eden heyeti kabul etti. G\u00f6r\u00fc\u015fmede de Mistura\u2019n\u0131n Halep Kentinde \u00e7at\u0131\u015fmalar\u0131n dondurulmas\u0131na ili\u015fkin plan\u0131ndaki son geli\u015fmeler masaya yat\u0131r\u0131l\u0131rken; Halep\u2019te durumlar\u0131n incelenmesi \u00fczere de Mistura\u2019n\u0131n \u015eam\u2019daki ofisinden bir heyetin Halep\u2019e &hellip;<\/p>\n","protected":false},"author":1,"featured_media":25147,"comment_status":"closed","ping_status":"closed","sticky":false,"template":"","format":"standard","meta":{"footnotes":""},"categories":[479,478],"tags":[11974,11975],"class_list":["post-25146","post","type-post","status-publish","format-standard","has-post-thumbnail","","category-haberler-yerel","category-yerel","tag-muallim-de-misturayi-kabul-etti","tag-sam-basbakan-yardimcisi-disisleri-ve-gurbetciler-bakani-velid-el-muallim-bugun-aksam-saatlerinde-birlesmis-milletler-genel-sekreterinin-suriye-ozel-temsilcisi-stafan-de-mistura-ve-ona-eslik"],"_links":{"self":[{"href":"https:\/\/archive.sana.sy\/tr\/index.php?rest_route=\/wp\/v2\/posts\/25146","targetHints":{"allow":["GET"]}}],"collection":[{"href":"https:\/\/archive.sana.sy\/tr\/index.php?rest_route=\/wp\/v2\/posts"}],"about":[{"href":"https:\/\/archive.sana.sy\/tr\/index.php?rest_route=\/wp\/v2\/types\/post"}],"author":[{"embeddable":true,"href":"https:\/\/archive.sana.sy\/tr\/index.php?rest_route=\/wp\/v2\/users\/1"}],"replies":[{"embeddable":true,"href":"https:\/\/archive.sana.sy\/tr\/index.php?rest_route=%2Fwp%2Fv2%2Fcomments&post=25146"}],"version-history":[{"count":0,"href":"https:\/\/archive.sana.sy\/tr\/index.php?rest_route=\/wp\/v2\/posts\/25146\/revisions"}],"wp:featuredmedia":[{"embeddable":true,"href":"https:\/\/archive.sana.sy\/tr\/index.php?rest_route=\/wp\/v2\/media\/25147"}],"wp:attachment":[{"href":"https:\/\/archive.sana.sy\/tr\/index.php?rest_route=%2Fwp%2Fv2%2Fmedia&parent=25146"}],"wp:term":[{"taxonomy":"category","embeddable":true,"href":"https:\/\/archive.sana.sy\/tr\/index.php?rest_route=%2Fwp%2Fv2%2Fcategories&post=25146"},{"taxonomy":"post_tag","embeddable":true,"href":"https:\/\/archive.sana.sy\/tr\/index.php?rest_route=%2Fwp%2Fv2%2Ftags&post=25146"}],"curies":[{"name":"wp","href":"https:\/\/api.w.org\/{rel}","templated":true}]}}