{"id":251469,"date":"2022-03-13T17:35:56","date_gmt":"2022-03-13T15:35:56","guid":{"rendered":"http:\/\/107.6.182.27\/tr\/?p=251469"},"modified":"2022-03-16T08:35:14","modified_gmt":"2022-03-16T06:35:14","slug":"suriye-ve-irak-paralimpik-komitelerinden-isbirligi-anlasmasi","status":"publish","type":"post","link":"https:\/\/archive.sana.sy\/tr\/?p=251469","title":{"rendered":"Suriye ve Irak Paralimpik Komiteleri&#8217;nden \u0130\u015fbirli\u011fi Anla\u015fmas\u0131"},"content":{"rendered":"<p style=\"text-align: justify;\">\u015eAM &#8211; Suriye Paralimpik Komitesi ve Irakl\u0131 mevkida\u015f\u0131, bug\u00fcn \u015eam&#8217;daki Genel Spor Federasyonu merkezinde \u00f6zel ihtiya\u00e7lar\u0131 olan insanlar i\u00e7in spor ger\u00e7e\u011fini geli\u015ftirmek i\u00e7in ortak bir i\u015fbirli\u011fi anla\u015fmas\u0131 imzalad\u0131.<\/p>\n<p style=\"text-align: justify;\">Suriye Paralimpik Komitesi Ba\u015fkan\u0131 Abdulnas\u0131r Karko&#8217;nun Irak Paralimpik Komitesi Ba\u015fkan\u0131 Dr. Akil Hamid ile imzalad\u0131\u011f\u0131 ortak i\u015fbirli\u011fi anla\u015fmas\u0131, kamplar, ekipman ve turnuvalar da dahil olmak \u00fczere t\u00fcm detaylar\u0131yla \u00f6zel ihtiya\u00e7lar\u0131 olan insanlar\u0131n sporlar\u0131na hizmet etmek i\u00e7in iki komitenin \u00e7\u0131karlar\u0131n\u0131n dikkate al\u0131nd\u0131\u011f\u0131 bir\u00e7ok maddeyi i\u00e7erdi.<\/p>\n<p style=\"text-align: justify;\">Anla\u015fman\u0131n imzalanmas\u0131na Irak Paralimpik Komitesi Mali Sekreteri Ubeyd Zaal Al Fartusi, Komite \u0130cra Ofisi \u00fcyesi, Goalball yetkilisi Saad Abdulmecid&#8217;e ek olarak, \u00d6zel Spor Federasyonu Ba\u015fkan\u0131 Muhammed Khaled Al-Mohammed ve federasyon \u00fcyeleri kat\u0131ld\u0131.<\/p>\n","protected":false},"excerpt":{"rendered":"<p>\u015eAM &#8211; Suriye Paralimpik Komitesi ve Irakl\u0131 mevkida\u015f\u0131, bug\u00fcn \u015eam&#8217;daki Genel Spor Federasyonu merkezinde \u00f6zel ihtiya\u00e7lar\u0131 olan insanlar i\u00e7in spor ger\u00e7e\u011fini geli\u015ftirmek i\u00e7in ortak bir i\u015fbirli\u011fi anla\u015fmas\u0131 imzalad\u0131. Suriye Paralimpik Komitesi Ba\u015fkan\u0131 Abdulnas\u0131r Karko&#8217;nun Irak Paralimpik Komitesi Ba\u015fkan\u0131 Dr. Akil Hamid ile imzalad\u0131\u011f\u0131 ortak i\u015fbirli\u011fi anla\u015fmas\u0131, kamplar, ekipman ve turnuvalar da dahil olmak \u00fczere t\u00fcm &hellip;<\/p>\n","protected":false},"author":1,"featured_media":251470,"comment_status":"closed","ping_status":"closed","sticky":false,"template":"","format":"standard","meta":{"footnotes":""},"categories":[479,17988,496,478],"tags":[],"class_list":["post-251469","post","type-post","status-publish","format-standard","has-post-thumbnail","","category-haberler-yerel","category-son-haberler","category-spor","category-yerel"],"_links":{"self":[{"href":"https:\/\/archive.sana.sy\/tr\/index.php?rest_route=\/wp\/v2\/posts\/251469","targetHints":{"allow":["GET"]}}],"collection":[{"href":"https:\/\/archive.sana.sy\/tr\/index.php?rest_route=\/wp\/v2\/posts"}],"about":[{"href":"https:\/\/archive.sana.sy\/tr\/index.php?rest_route=\/wp\/v2\/types\/post"}],"author":[{"embeddable":true,"href":"https:\/\/archive.sana.sy\/tr\/index.php?rest_route=\/wp\/v2\/users\/1"}],"replies":[{"embeddable":true,"href":"https:\/\/archive.sana.sy\/tr\/index.php?rest_route=%2Fwp%2Fv2%2Fcomments&post=251469"}],"version-history":[{"count":0,"href":"https:\/\/archive.sana.sy\/tr\/index.php?rest_route=\/wp\/v2\/posts\/251469\/revisions"}],"wp:featuredmedia":[{"embeddable":true,"href":"https:\/\/archive.sana.sy\/tr\/index.php?rest_route=\/wp\/v2\/media\/251470"}],"wp:attachment":[{"href":"https:\/\/archive.sana.sy\/tr\/index.php?rest_route=%2Fwp%2Fv2%2Fmedia&parent=251469"}],"wp:term":[{"taxonomy":"category","embeddable":true,"href":"https:\/\/archive.sana.sy\/tr\/index.php?rest_route=%2Fwp%2Fv2%2Fcategories&post=251469"},{"taxonomy":"post_tag","embeddable":true,"href":"https:\/\/archive.sana.sy\/tr\/index.php?rest_route=%2Fwp%2Fv2%2Ftags&post=251469"}],"curies":[{"name":"wp","href":"https:\/\/api.w.org\/{rel}","templated":true}]}}