{"id":251472,"date":"2022-03-13T17:48:07","date_gmt":"2022-03-13T15:48:07","guid":{"rendered":"http:\/\/107.6.182.27\/tr\/?p=251472"},"modified":"2022-03-16T08:35:21","modified_gmt":"2022-03-16T06:35:21","slug":"uzlasma-eylemine-bugun-de-onlarca-kisi-katildi","status":"publish","type":"post","link":"https:\/\/archive.sana.sy\/tr\/?p=251472","title":{"rendered":"Uzla\u015fma Eylemine Bug\u00fcn De Onlarca Ki\u015fi Kat\u0131ld\u0131"},"content":{"rendered":"<p style=\"text-align: justify;\">\u0130LLER \u2013 Aranan siviller, firar eden askerlerle askerlik ve ihtiyati askerlik hizmetine kat\u0131lmayanlar\u0131 i\u00e7eren, Deyrezzor \u0130\u015f\u00e7i Salonu, Halep k\u0131rsal\u0131 Deyr Hafir ve Tel Aran ve Rakka k\u0131rsal\u0131 el Sabha merkezlerindeki uzla\u015fma merkezlerine bug\u00fcn de onlarca aranan ki\u015fi ak\u0131n etti.<\/p>\n<p style=\"text-align: justify;\">Deyrezzor ilinden SANA muhabiri, ilgili cihetlerin kapsaml\u0131 uzla\u015fmaya kat\u0131lmalar\u0131i\u00e7in il evlatlar\u0131ndan onlarcas\u0131n\u0131 kabul etmeye devam etti\u011fini belirtirken, durumlar\u0131n\u0131 d\u00fczelten baz\u0131 vatanda\u015flar, uzl\u015faman\u0131n kendilerine ev ve k\u00f6ylerine d\u00f6nme ile normal ya\u015famlar\u0131n\u0131 yeniden kazanma f\u0131rsat\u0131 verdi\u011fini vurgulad\u0131lar.<\/p>\n<p style=\"text-align: justify;\">Halep k\u0131rsal\u0131ndan SANA muhabiri ise, Deyr Hafir ve Tel Aran&#8217;da bug\u00fcn durumlar\u0131n\u0131 d\u00fczeltenlerin rahatl\u0131l\u0131k ve kolayla\u015ftr\u0131lm\u0131\u015f prosed\u00fcrler havas\u0131nda a\u00e7\u0131lan uzla\u015fma merkezlerine aranan onlarca ki\u015finin durumlar\u0131n\u0131n d\u00fczeltilmesine devam edildi\u011fini ifade etti.<\/p>\n<p style=\"text-align: justify;\">Durumlar\u0131 d\u00fczeltilenlerden baz\u0131lar\u0131 SANA muhabirine a\u00e7\u0131klamalar\u0131nda, normal ya\u015famlar\u0131na d\u00f6nme ve zirai arazilerindeki i\u015flerini yapmaya izin veren bu f\u0131rsata y\u00f6nelik g\u00fcvenlerini dile getirerek, bu eylemin kapsad\u0131\u011f\u0131 t\u00fcm ki\u015fileri bu eyleme kat\u0131lmaya ve bunca y\u0131ll\u0131k ter\u00f6r y\u0131llar\u0131ndan sonra vatana hizmet etmek ve in\u015fas\u0131nda yard\u0131mc\u0131 olma f\u0131rsat\u0131n\u0131 de\u011ferlendirme \u00e7a\u011fr\u0131s\u0131nda bulundular.<\/p>\n<p style=\"text-align: justify;\">\u00d6te yandan Rakka do\u011fu k\u0131rsal\u0131ndaki el Sabha kentinde de onlarca ki\u015finin durumlar\u0131 uzl\u015fama merkezinde d\u00fczeltildi, merkeze uzla\u015fmaya kat\u0131lmak i\u00e7ik i\u00e7in aranan onlarca ki\u015fi geldi ve kapsama dahilindeki herkesi bu eyleme kat\u0131lmaya ve normal hayatlar\u0131na d\u00f6nme \u00e7a\u011fr\u0131s\u0131nda bulundular.<\/p>\n<p style=\"text-align: justify;\">Durum d\u00fczeltme eylemi Deyrezzor, Rakka ve Halep k\u0131rsallar\u0131ndaki uzla\u015fma merkezlerinde kapsama alan\u0131ndaki herkesin \u00f6n\u00fcnde f\u0131rsat vermeye devam edecek.<\/p>\n","protected":false},"excerpt":{"rendered":"<p>\u0130LLER \u2013 Aranan siviller, firar eden askerlerle askerlik ve ihtiyati askerlik hizmetine kat\u0131lmayanlar\u0131 i\u00e7eren, Deyrezzor \u0130\u015f\u00e7i Salonu, Halep k\u0131rsal\u0131 Deyr Hafir ve Tel Aran ve Rakka k\u0131rsal\u0131 el Sabha merkezlerindeki uzla\u015fma merkezlerine bug\u00fcn de onlarca aranan ki\u015fi ak\u0131n etti. Deyrezzor ilinden SANA muhabiri, ilgili cihetlerin kapsaml\u0131 uzla\u015fmaya kat\u0131lmalar\u0131i\u00e7in il evlatlar\u0131ndan onlarcas\u0131n\u0131 kabul etmeye devam etti\u011fini &hellip;<\/p>\n","protected":false},"author":1,"featured_media":251473,"comment_status":"closed","ping_status":"closed","sticky":false,"template":"","format":"standard","meta":{"footnotes":""},"categories":[479,17988,478],"tags":[],"class_list":["post-251472","post","type-post","status-publish","format-standard","has-post-thumbnail","","category-haberler-yerel","category-son-haberler","category-yerel"],"_links":{"self":[{"href":"https:\/\/archive.sana.sy\/tr\/index.php?rest_route=\/wp\/v2\/posts\/251472","targetHints":{"allow":["GET"]}}],"collection":[{"href":"https:\/\/archive.sana.sy\/tr\/index.php?rest_route=\/wp\/v2\/posts"}],"about":[{"href":"https:\/\/archive.sana.sy\/tr\/index.php?rest_route=\/wp\/v2\/types\/post"}],"author":[{"embeddable":true,"href":"https:\/\/archive.sana.sy\/tr\/index.php?rest_route=\/wp\/v2\/users\/1"}],"replies":[{"embeddable":true,"href":"https:\/\/archive.sana.sy\/tr\/index.php?rest_route=%2Fwp%2Fv2%2Fcomments&post=251472"}],"version-history":[{"count":0,"href":"https:\/\/archive.sana.sy\/tr\/index.php?rest_route=\/wp\/v2\/posts\/251472\/revisions"}],"wp:featuredmedia":[{"embeddable":true,"href":"https:\/\/archive.sana.sy\/tr\/index.php?rest_route=\/wp\/v2\/media\/251473"}],"wp:attachment":[{"href":"https:\/\/archive.sana.sy\/tr\/index.php?rest_route=%2Fwp%2Fv2%2Fmedia&parent=251472"}],"wp:term":[{"taxonomy":"category","embeddable":true,"href":"https:\/\/archive.sana.sy\/tr\/index.php?rest_route=%2Fwp%2Fv2%2Fcategories&post=251472"},{"taxonomy":"post_tag","embeddable":true,"href":"https:\/\/archive.sana.sy\/tr\/index.php?rest_route=%2Fwp%2Fv2%2Ftags&post=251472"}],"curies":[{"name":"wp","href":"https:\/\/api.w.org\/{rel}","templated":true}]}}