{"id":251475,"date":"2022-03-13T17:54:38","date_gmt":"2022-03-13T15:54:38","guid":{"rendered":"http:\/\/107.6.182.27\/tr\/?p=251475"},"modified":"2022-03-16T08:35:29","modified_gmt":"2022-03-16T06:35:29","slug":"isgalci-abd-calinti-tonlarca-suriye-bugdayini-irakin-kuzeyine-tasimakta","status":"publish","type":"post","link":"https:\/\/archive.sana.sy\/tr\/?p=251475","title":{"rendered":"\u0130\u015fgalci ABD \u00c7al\u0131nt\u0131 Tonlarca Suriye Bu\u011fday\u0131n\u0131 Irak&#8217;\u0131n Kuzeyine Ta\u015f\u0131makta"},"content":{"rendered":"<p style=\"text-align: justify;\">HASEKE &#8211; \u0130\u015fgalci Amerikan g\u00fc\u00e7leri, \u00e7al\u0131nt\u0131 bu\u011fday ve petrol y\u00fckl\u00fc 65 kamyon ve tankerden olu\u015fan bir konvoyu Haseke&#8217;nin en do\u011fu k\u0131rsal\u0131ndaki yasad\u0131\u015f\u0131 El Velid ge\u00e7idinden Irak topraklar\u0131na \u00e7\u0131kard\u0131.<\/p>\n<p style=\"text-align: justify;\">Sivil kaynaklar SANA muhabirine \u015funlar\u0131 s\u00f6yledi: &#8220;Tonlarca \u00e7al\u0131nt\u0131 Suriye bu\u011fday\u0131 ta\u015f\u0131yan 58 kamyon ve yak\u0131t ta\u015f\u0131mak i\u00e7in 7 tankerden olu\u015fan bir konvoyun, i\u015fgalci Amerikan kuvvetlerine ait askeri z\u0131rhl\u0131 ara\u00e7larla e\u015fli\u011finde Al Yarubiyye b\u00f6lgesindeki yasad\u0131\u015f\u0131 El Velid ge\u00e7idinden Kuzey Irak&#8217;a do\u011fru yol ald\u0131klar\u0131n\u0131&#8221; belirtti.<\/p>\n","protected":false},"excerpt":{"rendered":"<p>HASEKE &#8211; \u0130\u015fgalci Amerikan g\u00fc\u00e7leri, \u00e7al\u0131nt\u0131 bu\u011fday ve petrol y\u00fckl\u00fc 65 kamyon ve tankerden olu\u015fan bir konvoyu Haseke&#8217;nin en do\u011fu k\u0131rsal\u0131ndaki yasad\u0131\u015f\u0131 El Velid ge\u00e7idinden Irak topraklar\u0131na \u00e7\u0131kard\u0131. Sivil kaynaklar SANA muhabirine \u015funlar\u0131 s\u00f6yledi: &#8220;Tonlarca \u00e7al\u0131nt\u0131 Suriye bu\u011fday\u0131 ta\u015f\u0131yan 58 kamyon ve yak\u0131t ta\u015f\u0131mak i\u00e7in 7 tankerden olu\u015fan bir konvoyun, i\u015fgalci Amerikan kuvvetlerine ait askeri &hellip;<\/p>\n","protected":false},"author":1,"featured_media":251476,"comment_status":"closed","ping_status":"closed","sticky":false,"template":"","format":"standard","meta":{"footnotes":""},"categories":[479,575,17988,478],"tags":[],"class_list":["post-251475","post","type-post","status-publish","format-standard","has-post-thumbnail","","category-haberler-yerel","category-olaylar-ve-gercekler","category-son-haberler","category-yerel"],"_links":{"self":[{"href":"https:\/\/archive.sana.sy\/tr\/index.php?rest_route=\/wp\/v2\/posts\/251475","targetHints":{"allow":["GET"]}}],"collection":[{"href":"https:\/\/archive.sana.sy\/tr\/index.php?rest_route=\/wp\/v2\/posts"}],"about":[{"href":"https:\/\/archive.sana.sy\/tr\/index.php?rest_route=\/wp\/v2\/types\/post"}],"author":[{"embeddable":true,"href":"https:\/\/archive.sana.sy\/tr\/index.php?rest_route=\/wp\/v2\/users\/1"}],"replies":[{"embeddable":true,"href":"https:\/\/archive.sana.sy\/tr\/index.php?rest_route=%2Fwp%2Fv2%2Fcomments&post=251475"}],"version-history":[{"count":0,"href":"https:\/\/archive.sana.sy\/tr\/index.php?rest_route=\/wp\/v2\/posts\/251475\/revisions"}],"wp:featuredmedia":[{"embeddable":true,"href":"https:\/\/archive.sana.sy\/tr\/index.php?rest_route=\/wp\/v2\/media\/251476"}],"wp:attachment":[{"href":"https:\/\/archive.sana.sy\/tr\/index.php?rest_route=%2Fwp%2Fv2%2Fmedia&parent=251475"}],"wp:term":[{"taxonomy":"category","embeddable":true,"href":"https:\/\/archive.sana.sy\/tr\/index.php?rest_route=%2Fwp%2Fv2%2Fcategories&post=251475"},{"taxonomy":"post_tag","embeddable":true,"href":"https:\/\/archive.sana.sy\/tr\/index.php?rest_route=%2Fwp%2Fv2%2Ftags&post=251475"}],"curies":[{"name":"wp","href":"https:\/\/api.w.org\/{rel}","templated":true}]}}