{"id":251478,"date":"2022-03-13T18:10:24","date_gmt":"2022-03-13T16:10:24","guid":{"rendered":"http:\/\/107.6.182.27\/tr\/?p=251478"},"modified":"2022-03-16T08:35:39","modified_gmt":"2022-03-16T06:35:39","slug":"haseke-kirsalinda-abd-isgaliyle-baglantili-dsg-milislerine-karsi-gosteriler","status":"publish","type":"post","link":"https:\/\/archive.sana.sy\/tr\/?p=251478","title":{"rendered":"Haseke K\u0131rsal\u0131nda ABD \u0130\u015fgaliyle Ba\u011flant\u0131l\u0131 DSG Milislerine Kar\u015f\u0131 G\u00f6steriler"},"content":{"rendered":"<p style=\"text-align: justify;\">HASEKE &#8211; Amerikan i\u015fgaline ba\u011fl\u0131 &#8220;DSG&#8221; milisleri taraf\u0131ndan Suriye&#8217;nin el Cezire b\u00f6lgesindeki yay\u0131lma alanlar\u0131nda sivillere ve onlar\u0131n kamusal ya\u015famlar\u0131na y\u00f6nelik sald\u0131r\u0131lar\u0131n s\u0131kl\u0131\u011f\u0131n\u0131n artmas\u0131yla birlikte, Mahrum k\u00f6y\u00fc halk\u0131 ve b\u00f6lgedeki baz\u0131 \u00e7evre k\u00f6yler Haseke k\u0131rsal\u0131nda bug\u00fcn d\u00fczenlenen protesto g\u00f6sterilerinde, bu milislerin ayr\u0131lmas\u0131 \u00e7a\u011fr\u0131s\u0131nda bulunuldu ve yanl\u0131\u015f bahaneler ve gerke\u00e7lerle bu milislerin uygulamalar\u0131 ve mallar\u0131n\u0131n \u00e7al\u0131nmas\u0131 k\u0131nand\u0131.<\/p>\n<p style=\"text-align: justify;\">Sivil kaynaklar SANA muhabirine verdi\u011fi deme\u00e7te, Haseke k\u0131rsal\u0131ndaki Mahrum k\u00f6y\u00fcnde onlarca sakinin &#8220;DSG&#8221; milislerinin bask\u0131c\u0131 uygulamalar\u0131na kar\u015f\u0131 g\u00f6steriler d\u00fczenleyerek, b\u00f6lgeden s\u0131n\u0131r d\u0131\u015f\u0131 edilmeleri i\u00e7in pankartlar a\u00e7arak ve sloganlar att\u0131\u011f\u0131n\u0131 s\u00f6yledi.<\/p>\n<p style=\"text-align: justify;\">Kaynaklar, Ayn al Hara, Vaab al \u015eovk ve al Sirb k\u00f6yleri halk\u0131n\u0131n Mahrum sakinlerinin g\u00f6sterisine kat\u0131ld\u0131\u011f\u0131n\u0131, Abyad \u2013 Haseke &#8211; Rakka yolunu lastik yakarak ve ta\u015flarla kestiklerine i\u015faret ederek, &#8220;DSG&#8221; milislerinin Suriye petrol\u00fcn\u00fc ve m\u00fclkleri \u00e7almalar\u0131yla sivillere y\u00f6nelik g\u00fcnl\u00fck sald\u0131r\u0131lar\u0131n\u0131 da konad\u0131klar\u0131n\u0131 vurgulad\u0131lar.<\/p>\n","protected":false},"excerpt":{"rendered":"<p>HASEKE &#8211; Amerikan i\u015fgaline ba\u011fl\u0131 &#8220;DSG&#8221; milisleri taraf\u0131ndan Suriye&#8217;nin el Cezire b\u00f6lgesindeki yay\u0131lma alanlar\u0131nda sivillere ve onlar\u0131n kamusal ya\u015famlar\u0131na y\u00f6nelik sald\u0131r\u0131lar\u0131n s\u0131kl\u0131\u011f\u0131n\u0131n artmas\u0131yla birlikte, Mahrum k\u00f6y\u00fc halk\u0131 ve b\u00f6lgedeki baz\u0131 \u00e7evre k\u00f6yler Haseke k\u0131rsal\u0131nda bug\u00fcn d\u00fczenlenen protesto g\u00f6sterilerinde, bu milislerin ayr\u0131lmas\u0131 \u00e7a\u011fr\u0131s\u0131nda bulunuldu ve yanl\u0131\u015f bahaneler ve gerke\u00e7lerle bu milislerin uygulamalar\u0131 ve mallar\u0131n\u0131n \u00e7al\u0131nmas\u0131 k\u0131nand\u0131. &hellip;<\/p>\n","protected":false},"author":1,"featured_media":251479,"comment_status":"closed","ping_status":"closed","sticky":false,"template":"","format":"standard","meta":{"footnotes":""},"categories":[479,575,17988,478],"tags":[],"class_list":["post-251478","post","type-post","status-publish","format-standard","has-post-thumbnail","","category-haberler-yerel","category-olaylar-ve-gercekler","category-son-haberler","category-yerel"],"_links":{"self":[{"href":"https:\/\/archive.sana.sy\/tr\/index.php?rest_route=\/wp\/v2\/posts\/251478","targetHints":{"allow":["GET"]}}],"collection":[{"href":"https:\/\/archive.sana.sy\/tr\/index.php?rest_route=\/wp\/v2\/posts"}],"about":[{"href":"https:\/\/archive.sana.sy\/tr\/index.php?rest_route=\/wp\/v2\/types\/post"}],"author":[{"embeddable":true,"href":"https:\/\/archive.sana.sy\/tr\/index.php?rest_route=\/wp\/v2\/users\/1"}],"replies":[{"embeddable":true,"href":"https:\/\/archive.sana.sy\/tr\/index.php?rest_route=%2Fwp%2Fv2%2Fcomments&post=251478"}],"version-history":[{"count":0,"href":"https:\/\/archive.sana.sy\/tr\/index.php?rest_route=\/wp\/v2\/posts\/251478\/revisions"}],"wp:featuredmedia":[{"embeddable":true,"href":"https:\/\/archive.sana.sy\/tr\/index.php?rest_route=\/wp\/v2\/media\/251479"}],"wp:attachment":[{"href":"https:\/\/archive.sana.sy\/tr\/index.php?rest_route=%2Fwp%2Fv2%2Fmedia&parent=251478"}],"wp:term":[{"taxonomy":"category","embeddable":true,"href":"https:\/\/archive.sana.sy\/tr\/index.php?rest_route=%2Fwp%2Fv2%2Fcategories&post=251478"},{"taxonomy":"post_tag","embeddable":true,"href":"https:\/\/archive.sana.sy\/tr\/index.php?rest_route=%2Fwp%2Fv2%2Ftags&post=251478"}],"curies":[{"name":"wp","href":"https:\/\/api.w.org\/{rel}","templated":true}]}}