{"id":251517,"date":"2022-03-14T19:01:25","date_gmt":"2022-03-14T17:01:25","guid":{"rendered":"http:\/\/107.6.182.27\/tr\/?p=251517"},"modified":"2022-03-16T08:43:04","modified_gmt":"2022-03-16T06:43:04","slug":"halepte-terorist-artiklarindan-bomba-duzenegi-infilak-etti-2-cocuk-sehit-dustu","status":"publish","type":"post","link":"https:\/\/archive.sana.sy\/tr\/?p=251517","title":{"rendered":"Halep&#8217;te Ter\u00f6rist Art\u0131klar\u0131ndan Bomba D\u00fczene\u011fi \u0130nfilak Etti 2 \u00c7ocuk \u015eehit D\u00fc\u015ft\u00fc"},"content":{"rendered":"<p style=\"text-align: justify;\">HALEP &#8211; Halep&#8217;in El Sahur semtinde ter\u00f6ristlerin arkalar\u0131nda b\u0131rakt\u0131klar\u0131 bomba d\u00fczene\u011finin infilak etmesi sonucu iki \u00e7ocuk hayat\u0131n\u0131 kaybetti.<\/p>\n<p style=\"text-align: justify;\">Halep \u0130l Emniyet M\u00fcd\u00fcrl\u00fc\u011f\u00fcnden bir kaynak SANA muhabirine verdi\u011fi deme\u00e7te, ter\u00f6ristlerin arkalar\u0131nda b\u0131rakt\u0131\u011f\u0131 bir patlay\u0131c\u0131n\u0131n \u00e7ok say\u0131da \u00e7ocu\u011fun mekanda oynarken infilak etti\u011fini ve iki \u00e7ocu\u011fun olay yerinde hayat\u0131n\u0131 kaybetti\u011fini s\u00f6yledi.<\/p>\n<p style=\"text-align: justify;\">Kaynak, cesetlerin adli t\u0131p merkezine nakledildi\u011fine dikkat \u00e7ekti.<\/p>\n","protected":false},"excerpt":{"rendered":"<p>HALEP &#8211; Halep&#8217;in El Sahur semtinde ter\u00f6ristlerin arkalar\u0131nda b\u0131rakt\u0131klar\u0131 bomba d\u00fczene\u011finin infilak etmesi sonucu iki \u00e7ocuk hayat\u0131n\u0131 kaybetti. Halep \u0130l Emniyet M\u00fcd\u00fcrl\u00fc\u011f\u00fcnden bir kaynak SANA muhabirine verdi\u011fi deme\u00e7te, ter\u00f6ristlerin arkalar\u0131nda b\u0131rakt\u0131\u011f\u0131 bir patlay\u0131c\u0131n\u0131n \u00e7ok say\u0131da \u00e7ocu\u011fun mekanda oynarken infilak etti\u011fini ve iki \u00e7ocu\u011fun olay yerinde hayat\u0131n\u0131 kaybetti\u011fini s\u00f6yledi. Kaynak, cesetlerin adli t\u0131p merkezine nakledildi\u011fine dikkat &hellip;<\/p>\n","protected":false},"author":1,"featured_media":251518,"comment_status":"closed","ping_status":"closed","sticky":false,"template":"","format":"standard","meta":{"footnotes":""},"categories":[479,575,17988,478],"tags":[],"class_list":["post-251517","post","type-post","status-publish","format-standard","has-post-thumbnail","","category-haberler-yerel","category-olaylar-ve-gercekler","category-son-haberler","category-yerel"],"_links":{"self":[{"href":"https:\/\/archive.sana.sy\/tr\/index.php?rest_route=\/wp\/v2\/posts\/251517","targetHints":{"allow":["GET"]}}],"collection":[{"href":"https:\/\/archive.sana.sy\/tr\/index.php?rest_route=\/wp\/v2\/posts"}],"about":[{"href":"https:\/\/archive.sana.sy\/tr\/index.php?rest_route=\/wp\/v2\/types\/post"}],"author":[{"embeddable":true,"href":"https:\/\/archive.sana.sy\/tr\/index.php?rest_route=\/wp\/v2\/users\/1"}],"replies":[{"embeddable":true,"href":"https:\/\/archive.sana.sy\/tr\/index.php?rest_route=%2Fwp%2Fv2%2Fcomments&post=251517"}],"version-history":[{"count":0,"href":"https:\/\/archive.sana.sy\/tr\/index.php?rest_route=\/wp\/v2\/posts\/251517\/revisions"}],"wp:featuredmedia":[{"embeddable":true,"href":"https:\/\/archive.sana.sy\/tr\/index.php?rest_route=\/wp\/v2\/media\/251518"}],"wp:attachment":[{"href":"https:\/\/archive.sana.sy\/tr\/index.php?rest_route=%2Fwp%2Fv2%2Fmedia&parent=251517"}],"wp:term":[{"taxonomy":"category","embeddable":true,"href":"https:\/\/archive.sana.sy\/tr\/index.php?rest_route=%2Fwp%2Fv2%2Fcategories&post=251517"},{"taxonomy":"post_tag","embeddable":true,"href":"https:\/\/archive.sana.sy\/tr\/index.php?rest_route=%2Fwp%2Fv2%2Ftags&post=251517"}],"curies":[{"name":"wp","href":"https:\/\/api.w.org\/{rel}","templated":true}]}}