{"id":25158,"date":"2015-03-01T08:46:42","date_gmt":"2015-03-01T06:46:42","guid":{"rendered":"http:\/\/www.sana.sy\/tr\/?p=25158"},"modified":"2015-03-01T08:53:08","modified_gmt":"2015-03-01T06:53:08","slug":"uluslararasi-baris-ve-guvenlik-parlamentosu-heyetiyle-gorusmeler-basladi","status":"publish","type":"post","link":"https:\/\/archive.sana.sy\/tr\/?p=25158","title":{"rendered":"Uluslararas\u0131 Bar\u0131\u015f ve G\u00fcvenlik Parlamentosu Heyetiyle G\u00f6r\u00fc\u015fmeler Ba\u015flad\u0131"},"content":{"rendered":"<p>\u015eAM \u2013 Adalet Bakanl\u0131\u011f\u0131 d\u00fcn, Parlamentoda D\u0131\u015fi\u015fleri Bakan\u0131 B\u00fcy\u00fckel\u00e7i Heysem Busait ba\u015fkanl\u0131\u011f\u0131nda Uluslararas\u0131 Bar\u0131\u015f ve G\u00fcvenlik Parlamentosu Heyeti ile Parlamentonun uluslararas\u0131 ve tarafs\u0131z niteli\u011fi olmas\u0131 itibariyle, Suriye&#8217;de bulunan silahl\u0131 ter\u00f6r gruplar\u0131n\u0131n ve destek\u00e7ilerinin i\u015fledikleri insan haklar\u0131 ihlallerinin ortaya \u00e7\u0131kart\u0131lmas\u0131nda oynayabilece\u011fi role ili\u015fkin, g\u00f6r\u00fc\u015fmelere ba\u015flad\u0131.<\/p>\n<p>Busait bas\u0131na yapt\u0131\u011f\u0131 a\u00e7\u0131klamas\u0131nda iki g\u00fcn s\u00fcrecek g\u00f6r\u00fc\u015fmelerin, Suriye&#8217;de bulunan silahl\u0131 ter\u00f6r gruplar\u0131 ve bu gruplar\u0131n farkl\u0131 devletlerden gelmi\u015f olan mensuplar\u0131 ile ilgili yarg\u0131 ve hukuk s\u00fcre\u00e7leriyle ilgili, Uluslararas\u0131 Parlamento ile Suriye H\u00fck\u00fcmeti aras\u0131nda kurulabilecek koordinasyonu sa\u011flama ama\u00e7l\u0131 oldu\u011funu ifade etti.<\/p>\n<p>Suriye halk\u0131 i\u00e7in adaletin sa\u011flanmas\u0131 amac\u0131yla \u00e7abalar\u0131n birle\u015ftirilmesi gere\u011fi noktas\u0131nda anla\u015fmaya var\u0131ld\u0131\u011f\u0131na i\u015faret eden Busait; Suriye&#8217;de I\u015e\u0130D ter\u00f6r \u00f6rg\u00fct\u00fc kadar ve belki daha tehlikeli ter\u00f6r \u00f6rg\u00fctleri bulundu\u011funa dikkat \u00e7ekerek Suriye\u2019de \u201cMutedil Muhalefet\u201d\u00a0 olarak isimlendirilen muhalefetin her \u015feyden \u00f6nce bar\u0131\u015f\u00e7\u0131l olmas\u0131 gerekti\u011finin alt\u0131n\u0131 \u00e7izdi.<\/p>\n<p>Ter\u00f6rle m\u00fccadele etmek istedi\u011fini iddia eden devletlere Suriye H\u00fck\u00fcmetinin elinde bulunan veri, belge, bilgi ve deneyimlerden faydalanma \u00e7a\u011fr\u0131s\u0131nda bulunan Busait;\u00a0 ter\u00f6rle m\u00fccadele i\u00e7in ger\u00e7ek ve do\u011fru bir y\u00f6ntem belirlenmesi gere\u011fini vurgulad\u0131.<\/p>\n<p>Adalet Bakan\u0131 Necm Hamad el Ahmet ise yapt\u0131\u011f\u0131 konu\u015fmada, Uluslararas\u0131 Parlamento ile Suriye aras\u0131ndaki i\u015fbirli\u011finin, Suriye\u2019nin, \u00fclke topraklar\u0131nda bulunan ter\u00f6r\u00fc destekleyen devlet, \u015fah\u0131s ya da uluslararas\u0131 \u00f6rg\u00fctlerin cezaland\u0131r\u0131lmas\u0131 y\u00f6n\u00fcndeki taleplerinde yapt\u0131\u011f\u0131 \u0131srar\u0131n sonucu olarak \u015fekillendi\u011fini dile getirdi.<\/p>\n<p>Hat\u0131rlanaca\u011f\u0131 \u00fczere Busait, ge\u00e7ti\u011fimiz Ocak ay\u0131n\u0131n sonlar\u0131nda yay\u0131nlad\u0131\u011f\u0131 bir beyanla Suriye\u2019de Ter\u00f6r\u00fc destekleyen devletlerden bu desteklerine son vermeleri talebinde bulunmu\u015ftu. Busait; ABD\u2019nin ter\u00f6ristlere e\u011fitim ve silah deste\u011fi verme karar\u0131n\u0131n d\u00fc\u015f\u00fcn\u00fclmeden al\u0131nm\u0131\u015f bir karar olarak nitelendirmi\u015fti.<\/p>\n<div id='gallery-1' class='gallery galleryid-25158 gallery-columns-3 gallery-size-thumbnail'><figure class='gallery-item'>\n\t\t\t<div class='gallery-icon landscape'>\n\t\t\t\t<a href='https:\/\/archive.sana.sy\/tr\/wp-content\/uploads\/2015\/03\/Adalet-Bakanl\u0131\u011f\u0131-2.jpg'><img loading=\"lazy\" decoding=\"async\" width=\"150\" height=\"80\" src=\"https:\/\/archive.sana.sy\/tr\/wp-content\/uploads\/2015\/03\/Adalet-Bakanl\u0131\u011f\u0131-2-150x80.jpg\" class=\"attachment-thumbnail size-thumbnail\" alt=\"\" srcset=\"https:\/\/archive.sana.sy\/tr\/wp-content\/uploads\/2015\/03\/Adalet-Bakanl\u0131\u011f\u0131-2-150x80.jpg 150w, https:\/\/archive.sana.sy\/tr\/wp-content\/uploads\/2015\/03\/Adalet-Bakanl\u0131\u011f\u0131-2-300x160.jpg 300w, https:\/\/archive.sana.sy\/tr\/wp-content\/uploads\/2015\/03\/Adalet-Bakanl\u0131\u011f\u0131-2.jpg 620w\" sizes=\"auto, (max-width: 150px) 100vw, 150px\" \/><\/a>\n\t\t\t<\/div><\/figure><figure class='gallery-item'>\n\t\t\t<div class='gallery-icon landscape'>\n\t\t\t\t<a href='https:\/\/archive.sana.sy\/tr\/wp-content\/uploads\/2015\/03\/Adalet-Bakanl\u0131\u011f\u0131-3.jpg'><img loading=\"lazy\" decoding=\"async\" width=\"150\" height=\"80\" src=\"https:\/\/archive.sana.sy\/tr\/wp-content\/uploads\/2015\/03\/Adalet-Bakanl\u0131\u011f\u0131-3-150x80.jpg\" class=\"attachment-thumbnail size-thumbnail\" alt=\"\" srcset=\"https:\/\/archive.sana.sy\/tr\/wp-content\/uploads\/2015\/03\/Adalet-Bakanl\u0131\u011f\u0131-3-150x80.jpg 150w, https:\/\/archive.sana.sy\/tr\/wp-content\/uploads\/2015\/03\/Adalet-Bakanl\u0131\u011f\u0131-3-300x160.jpg 300w, https:\/\/archive.sana.sy\/tr\/wp-content\/uploads\/2015\/03\/Adalet-Bakanl\u0131\u011f\u0131-3.jpg 620w\" sizes=\"auto, (max-width: 150px) 100vw, 150px\" \/><\/a>\n\t\t\t<\/div><\/figure><figure class='gallery-item'>\n\t\t\t<div class='gallery-icon landscape'>\n\t\t\t\t<a href='https:\/\/archive.sana.sy\/tr\/wp-content\/uploads\/2015\/03\/Adalet-Bakanl\u0131\u011f\u0131-4.jpg'><img loading=\"lazy\" decoding=\"async\" width=\"150\" height=\"80\" src=\"https:\/\/archive.sana.sy\/tr\/wp-content\/uploads\/2015\/03\/Adalet-Bakanl\u0131\u011f\u0131-4-150x80.jpg\" class=\"attachment-thumbnail size-thumbnail\" alt=\"\" srcset=\"https:\/\/archive.sana.sy\/tr\/wp-content\/uploads\/2015\/03\/Adalet-Bakanl\u0131\u011f\u0131-4-150x80.jpg 150w, https:\/\/archive.sana.sy\/tr\/wp-content\/uploads\/2015\/03\/Adalet-Bakanl\u0131\u011f\u0131-4-300x160.jpg 300w, https:\/\/archive.sana.sy\/tr\/wp-content\/uploads\/2015\/03\/Adalet-Bakanl\u0131\u011f\u0131-4.jpg 620w\" sizes=\"auto, (max-width: 150px) 100vw, 150px\" \/><\/a>\n\t\t\t<\/div><\/figure>\n\t\t<\/div>\n\n<p>F.B. &#8211; R.H.<\/p>\n","protected":false},"excerpt":{"rendered":"<p>\u015eAM \u2013 Adalet Bakanl\u0131\u011f\u0131 d\u00fcn, Parlamentoda D\u0131\u015fi\u015fleri Bakan\u0131 B\u00fcy\u00fckel\u00e7i Heysem Busait ba\u015fkanl\u0131\u011f\u0131nda Uluslararas\u0131 Bar\u0131\u015f ve G\u00fcvenlik Parlamentosu Heyeti ile Parlamentonun uluslararas\u0131 ve tarafs\u0131z niteli\u011fi olmas\u0131 itibariyle, Suriye&#8217;de bulunan silahl\u0131 ter\u00f6r gruplar\u0131n\u0131n ve destek\u00e7ilerinin i\u015fledikleri insan haklar\u0131 ihlallerinin ortaya \u00e7\u0131kart\u0131lmas\u0131nda oynayabilece\u011fi role ili\u015fkin, g\u00f6r\u00fc\u015fmelere ba\u015flad\u0131. Busait bas\u0131na yapt\u0131\u011f\u0131 a\u00e7\u0131klamas\u0131nda iki g\u00fcn s\u00fcrecek g\u00f6r\u00fc\u015fmelerin, Suriye&#8217;de bulunan silahl\u0131 &hellip;<\/p>\n","protected":false},"author":1,"featured_media":25159,"comment_status":"closed","ping_status":"closed","sticky":false,"template":"","format":"standard","meta":{"footnotes":""},"categories":[479,478],"tags":[11979,11977,11978,11976],"class_list":["post-25158","post","type-post","status-publish","format-standard","has-post-thumbnail","","category-haberler-yerel","category-yerel","tag-gorusmelere-basladi","tag-parlamentoda-disisleri-bakani-buyukelci-heysem-busait-baskanliginda-uluslararasi-baris-ve-guvenlik-parlamentosu-heyeti-ile-parlamentonun-uluslararasi-ve-tarafsiz-niteligi-olmasi-itibariyle","tag-suriyede-bulunan-silahli-teror-gruplarinin-ve-destekcilerinin-isledikleri-insan-haklari-ihlallerinin-ortaya-cikartilmasinda-oynayabilecegi-role-iliskin","tag-uluslararasi-baris-ve-guvenlik-parlamentosu-heyetiyle-gorusmeler-basladi-sam-adalet-bakanligi-dun"],"_links":{"self":[{"href":"https:\/\/archive.sana.sy\/tr\/index.php?rest_route=\/wp\/v2\/posts\/25158","targetHints":{"allow":["GET"]}}],"collection":[{"href":"https:\/\/archive.sana.sy\/tr\/index.php?rest_route=\/wp\/v2\/posts"}],"about":[{"href":"https:\/\/archive.sana.sy\/tr\/index.php?rest_route=\/wp\/v2\/types\/post"}],"author":[{"embeddable":true,"href":"https:\/\/archive.sana.sy\/tr\/index.php?rest_route=\/wp\/v2\/users\/1"}],"replies":[{"embeddable":true,"href":"https:\/\/archive.sana.sy\/tr\/index.php?rest_route=%2Fwp%2Fv2%2Fcomments&post=25158"}],"version-history":[{"count":0,"href":"https:\/\/archive.sana.sy\/tr\/index.php?rest_route=\/wp\/v2\/posts\/25158\/revisions"}],"wp:featuredmedia":[{"embeddable":true,"href":"https:\/\/archive.sana.sy\/tr\/index.php?rest_route=\/wp\/v2\/media\/25159"}],"wp:attachment":[{"href":"https:\/\/archive.sana.sy\/tr\/index.php?rest_route=%2Fwp%2Fv2%2Fmedia&parent=25158"}],"wp:term":[{"taxonomy":"category","embeddable":true,"href":"https:\/\/archive.sana.sy\/tr\/index.php?rest_route=%2Fwp%2Fv2%2Fcategories&post=25158"},{"taxonomy":"post_tag","embeddable":true,"href":"https:\/\/archive.sana.sy\/tr\/index.php?rest_route=%2Fwp%2Fv2%2Ftags&post=25158"}],"curies":[{"name":"wp","href":"https:\/\/api.w.org\/{rel}","templated":true}]}}